{"id":3371,"date":"2015-05-05T06:00:02","date_gmt":"2015-05-05T06:00:02","guid":{"rendered":"http:\/\/www.lacas.be\/?p=3371"},"modified":"2015-05-05T06:04:34","modified_gmt":"2015-05-05T06:04:34","slug":"trop-star","status":"publish","type":"post","link":"http:\/\/www.lacas.be\/?p=3371","title":{"rendered":"Home d\u00e9co"},"content":{"rendered":"<p>Pour changer un peu de la carterie et des albums, un home d\u00e9co con\u00e7u \u00e0 partir d&rsquo;une erreur &#8230; M&rsquo;\u00e9tant tromp\u00e9e dans les dimensions\u00a0lors d&rsquo;une commande,\u00a0je me suis retrouv\u00e9e avec <del>une<\/del>\u00a0&#8230; des\u00a0 &#8230; photos hors norme. Et l&rsquo;id\u00e9e m&rsquo;est venue d&rsquo;utiliser celle-ci\u00a0sur un ch\u00e2ssis \u00e0 peindre que j&rsquo;avais \u00e0 la maison et qui &#8211; par chance, par hasard &#8230; &#8211; \u00a0correspondait aux dimensions. Voici ce que cela donne &#8230;<\/p>\n<p><a href=\"http:\/\/www.lacas.be\/wp-content\/uploads\/2015\/05\/blog-41.jpg\"><img loading=\"lazy\" decoding=\"async\" class=\" wp-image-3375 aligncenter\" src=\"http:\/\/www.lacas.be\/wp-content\/uploads\/2015\/05\/blog-41.jpg\" alt=\"blog 4\" width=\"260\" height=\"500\" \/><\/a><\/p>\n<p>J&rsquo;ai voulu\u00a0un graphisme \u00e9pur\u00e9 et des embellissements discrets afin de mettre la photo en valeur m\u00eame si la qualit\u00e9 de l&rsquo;image issue d&rsquo;un scan n&rsquo;est pas tr\u00e8s nette \u00e0 la base\u00a0 &#8230; ajout\u00e9e \u00e0\u00a0un manque de luminosit\u00e9 &#8230; \ud83d\ude41<\/p>\n<p><a href=\"http:\/\/www.lacas.be\/wp-content\/uploads\/2015\/05\/blog-31.jpg\"><img loading=\"lazy\" decoding=\"async\" class=\"  alignleft wp-image-3374\" src=\"http:\/\/www.lacas.be\/wp-content\/uploads\/2015\/05\/blog-31.jpg\" alt=\"blog 3\" width=\"275\" height=\"260\" \/><\/a><\/p>\n<p>&nbsp;<\/p>\n<p>&nbsp;<\/p>\n<p>&nbsp;<\/p>\n<p>&nbsp;<\/p>\n<p>&nbsp;<\/p>\n<p>&nbsp;<\/p>\n<p>&nbsp;<\/p>\n<p>Et en situation dans mon int\u00e9rieur &#8230; en harmonie avec un autre cadre customis\u00e9 il y a d\u00e9j\u00e0 pas mal de temps.<\/p>\n<p><a href=\"http:\/\/www.lacas.be\/wp-content\/uploads\/2015\/05\/blog-21.jpg\"><img loading=\"lazy\" decoding=\"async\" class=\"alignnone  wp-image-3373\" src=\"http:\/\/www.lacas.be\/wp-content\/uploads\/2015\/05\/blog-21.jpg\" alt=\"blog 2\" width=\"453\" height=\"523\" \/><\/a><\/p>\n<p>J&rsquo;aime beaucoup ce clich\u00e9 des ann\u00e9es 60\/70 que j&rsquo;ai recadr\u00e9 \u00e0 partir d&rsquo;une prise de vue \u00ab\u00a0banale\u00a0\u00bb d&rsquo;un groupe de personnes devant\u00a0le parc merveilleux de Bettembourg (GDL), lieu o\u00f9 toute\u00a0une g\u00e9n\u00e9ration\u00a0s&rsquo;est retrouv\u00e9e en excursion durant sa jeunesse. Il existe toujours, je pense &#8230;<\/p>\n<p>Il faut encore que j&rsquo;apprenne \u00e0 retravailler les fonds des photos, mais \u00e7a viendra &#8230; Apr\u00e8s les ateliers scrap, je voudrais suivre quelques cours de base\u00a0de photographie, histoire d&rsquo;utiliser les potentialit\u00e9s techniques de notre bel appareil photo &#8230;<\/p>\n<p>A \u00ab\u00a0torat\u00a0\u00bb (prononcez \u00a0\u00bb torate\u00a0\u00bb, mot wallon signifiant \u00e0 tant\u00f4t, \u00e0 bient\u00f4t !)<\/p>\n","protected":false},"excerpt":{"rendered":"<p>Pour changer un peu de la carterie et des albums, un home d\u00e9co con\u00e7u \u00e0 partir d&rsquo;une erreur &#8230; M&rsquo;\u00e9tant tromp\u00e9e dans les dimensions\u00a0lors d&rsquo;une commande,\u00a0je me suis retrouv\u00e9e avec une\u00a0&#8230; des\u00a0 &#8230; photos hors norme. Et l&rsquo;id\u00e9e m&rsquo;est venue &hellip; <a href=\"http:\/\/www.lacas.be\/?p=3371\">Continuer la lecture <span class=\"meta-nav\">&rarr;<\/span><\/a><\/p>\n","protected":false},"author":1,"featured_media":0,"comment_status":"open","ping_status":"open","sticky":false,"template":"","format":"standard","meta":{"footnotes":""},"categories":[1,17],"tags":[],"class_list":["post-3371","post","type-post","status-publish","format-standard","hentry","category-non-classe","category-home-made"],"_links":{"self":[{"href":"http:\/\/www.lacas.be\/index.php?rest_route=\/wp\/v2\/posts\/3371","targetHints":{"allow":["GET"]}}],"collection":[{"href":"http:\/\/www.lacas.be\/index.php?rest_route=\/wp\/v2\/posts"}],"about":[{"href":"http:\/\/www.lacas.be\/index.php?rest_route=\/wp\/v2\/types\/post"}],"author":[{"embeddable":true,"href":"http:\/\/www.lacas.be\/index.php?rest_route=\/wp\/v2\/users\/1"}],"replies":[{"embeddable":true,"href":"http:\/\/www.lacas.be\/index.php?rest_route=%2Fwp%2Fv2%2Fcomments&post=3371"}],"version-history":[{"count":11,"href":"http:\/\/www.lacas.be\/index.php?rest_route=\/wp\/v2\/posts\/3371\/revisions"}],"predecessor-version":[{"id":3386,"href":"http:\/\/www.lacas.be\/index.php?rest_route=\/wp\/v2\/posts\/3371\/revisions\/3386"}],"wp:attachment":[{"href":"http:\/\/www.lacas.be\/index.php?rest_route=%2Fwp%2Fv2%2Fmedia&parent=3371"}],"wp:term":[{"taxonomy":"category","embeddable":true,"href":"http:\/\/www.lacas.be\/index.php?rest_route=%2Fwp%2Fv2%2Fcategories&post=3371"},{"taxonomy":"post_tag","embeddable":true,"href":"http:\/\/www.lacas.be\/index.php?rest_route=%2Fwp%2Fv2%2Ftags&post=3371"}],"curies":[{"name":"wp","href":"https:\/\/api.w.org\/{rel}","templated":true}]}}