{"id":336,"date":"2013-03-27T08:01:24","date_gmt":"2013-03-27T08:01:24","guid":{"rendered":"http:\/\/www.lacas.be\/?p=336"},"modified":"2013-03-27T08:01:24","modified_gmt":"2013-03-27T08:01:24","slug":"les-tribulations-dun-coq","status":"publish","type":"post","link":"http:\/\/www.lacas.be\/?p=336","title":{"rendered":"Les tribulations d&rsquo;un coq"},"content":{"rendered":"<p>Les tribulations d&rsquo;un coq &#8230; normal, on est dans la p\u00e9riode de P\u00e2ques !!<\/p>\n<p>Inspir\u00e9\u00a0du mod\u00e8le du\u00a0livre \u00ab\u00a0Tr\u00e9sors de brodeuses\u00a0\u00bb de M.Suarez et C. Rigaudeau, ce coq \u00e0 l&rsquo;allure fi\u00e8re et conqu\u00e9rante\u00a0a voyag\u00e9\u00a0\u00a0dans deux d\u00e9cors bien diff\u00e9rents.<\/p>\n<p style=\"text-align: center;\">D&rsquo;abord, sur fond de feutrine rouge avec un encadrement de mon cr\u00fb\u00a0\u00a0:<a href=\"http:\/\/www.lacas.be\/wp-content\/uploads\/2013\/03\/DSC_0284.jpg\"><img loading=\"lazy\" decoding=\"async\" class=\"aligncenter  wp-image-337\" alt=\"DSC_0284\" src=\"http:\/\/www.lacas.be\/wp-content\/uploads\/2013\/03\/DSC_0284-1024x685.jpg\" width=\"384\" height=\"257\" srcset=\"http:\/\/www.lacas.be\/wp-content\/uploads\/2013\/03\/DSC_0284-1024x685.jpg 1024w, http:\/\/www.lacas.be\/wp-content\/uploads\/2013\/03\/DSC_0284-300x200.jpg 300w\" sizes=\"auto, (max-width: 384px) 100vw, 384px\" \/><\/a><\/p>\n<p style=\"text-align: center;\">\n<p>Suite aux commentaires\u00a0avis\u00e9s de mes proches (\u00ab\u00a0bof, il y a trop de rouge, c&rsquo;est trop criard, &#8230;\u00a0\u00bb) et n&rsquo;\u00e9tant pas non plus\u00a0satisfaite de la finition, P\u00e9n\u00e9lope s&rsquo;est mise \u00e0 l&rsquo;ouvrage. La broderie n&rsquo;\u00e9tait pas coll\u00e9e, juste \u00e0 d\u00e9coudre, ce qui au final a donn\u00e9 \u00e7a (d\u00e9sol\u00e9e pour les photographies prises de travers &#8230;):<\/p>\n<p style=\"text-align: center;\"><a href=\"http:\/\/www.lacas.be\/wp-content\/uploads\/2013\/03\/DSC_0244.jpg\"><img loading=\"lazy\" decoding=\"async\" class=\"wp-image-338 aligncenter\" alt=\"DSC_0244\" src=\"http:\/\/www.lacas.be\/wp-content\/uploads\/2013\/03\/DSC_0244-1024x685.jpg\" width=\"358\" height=\"240\" srcset=\"http:\/\/www.lacas.be\/wp-content\/uploads\/2013\/03\/DSC_0244-1024x685.jpg 1024w, http:\/\/www.lacas.be\/wp-content\/uploads\/2013\/03\/DSC_0244-300x200.jpg 300w\" sizes=\"auto, (max-width: 358px) 100vw, 358px\" \/><\/a><\/p>\n<p>&nbsp;<\/p>\n<p><a href=\"http:\/\/www.lacas.be\/wp-content\/uploads\/2013\/03\/DSC_0246.jpg\"><img loading=\"lazy\" decoding=\"async\" class=\"aligncenter size-large wp-image-340\" alt=\"DSC_0246\" src=\"http:\/\/www.lacas.be\/wp-content\/uploads\/2013\/03\/DSC_0246-1024x685.jpg\" width=\"640\" height=\"428\" srcset=\"http:\/\/www.lacas.be\/wp-content\/uploads\/2013\/03\/DSC_0246-1024x685.jpg 1024w, http:\/\/www.lacas.be\/wp-content\/uploads\/2013\/03\/DSC_0246-300x200.jpg 300w\" sizes=\"auto, (max-width: 640px) 100vw, 640px\" \/><\/a><\/p>\n<p>Et l\u00e0,\u00a0 en d\u00e9pit des \u00ab\u00a0vices de fabrication\u00a0\u00bb que les brodeuses et autres cartonneuses ne manqueront pas de d\u00e9celer, je pr\u00e9f\u00e8re cette version beaucoup plus \u00ab\u00a0douce\u00a0\u00bb&#8230;\u00a0 Un charm \u00ab\u00a0papillon\u00a0\u00bb et un coeur en bois (issus de mes achats \u00e0 Creativa Bruxelles)\u00a0 ajoutent une petite touche originale et habillent l&rsquo;espace.<\/p>\n<p>Par rapport au mod\u00e8le original, j&rsquo;ai chang\u00e9 les couleurs car celles dont je disposais n&rsquo;avaient pas le rendu attendu sur ma toile Aida.<\/p>\n<p>Enfin, j&rsquo;ai pass\u00e9 une belle apr\u00e8s midi dominicale et me suis bien amus\u00e9e \u00e0 r\u00e9aliser cette petite bricole !<\/p>\n<p>A\u00a0bient\u00f4t et bonnes f\u00eates de P\u00e2ques \u00e0 toutes et tous !<\/p>\n<p>&nbsp;<\/p>\n","protected":false},"excerpt":{"rendered":"<p>Les tribulations d&rsquo;un coq &#8230; normal, on est dans la p\u00e9riode de P\u00e2ques !! Inspir\u00e9\u00a0du mod\u00e8le du\u00a0livre \u00ab\u00a0Tr\u00e9sors de brodeuses\u00a0\u00bb de M.Suarez et C. Rigaudeau, ce coq \u00e0 l&rsquo;allure fi\u00e8re et conqu\u00e9rante\u00a0a voyag\u00e9\u00a0\u00a0dans deux d\u00e9cors bien diff\u00e9rents. D&rsquo;abord, sur fond &hellip; <a href=\"http:\/\/www.lacas.be\/?p=336\">Continuer la lecture <span class=\"meta-nav\">&rarr;<\/span><\/a><\/p>\n","protected":false},"author":1,"featured_media":0,"comment_status":"open","ping_status":"open","sticky":false,"template":"","format":"standard","meta":{"footnotes":""},"categories":[1],"tags":[],"class_list":["post-336","post","type-post","status-publish","format-standard","hentry","category-non-classe"],"_links":{"self":[{"href":"http:\/\/www.lacas.be\/index.php?rest_route=\/wp\/v2\/posts\/336","targetHints":{"allow":["GET"]}}],"collection":[{"href":"http:\/\/www.lacas.be\/index.php?rest_route=\/wp\/v2\/posts"}],"about":[{"href":"http:\/\/www.lacas.be\/index.php?rest_route=\/wp\/v2\/types\/post"}],"author":[{"embeddable":true,"href":"http:\/\/www.lacas.be\/index.php?rest_route=\/wp\/v2\/users\/1"}],"replies":[{"embeddable":true,"href":"http:\/\/www.lacas.be\/index.php?rest_route=%2Fwp%2Fv2%2Fcomments&post=336"}],"version-history":[{"count":4,"href":"http:\/\/www.lacas.be\/index.php?rest_route=\/wp\/v2\/posts\/336\/revisions"}],"predecessor-version":[{"id":344,"href":"http:\/\/www.lacas.be\/index.php?rest_route=\/wp\/v2\/posts\/336\/revisions\/344"}],"wp:attachment":[{"href":"http:\/\/www.lacas.be\/index.php?rest_route=%2Fwp%2Fv2%2Fmedia&parent=336"}],"wp:term":[{"taxonomy":"category","embeddable":true,"href":"http:\/\/www.lacas.be\/index.php?rest_route=%2Fwp%2Fv2%2Fcategories&post=336"},{"taxonomy":"post_tag","embeddable":true,"href":"http:\/\/www.lacas.be\/index.php?rest_route=%2Fwp%2Fv2%2Ftags&post=336"}],"curies":[{"name":"wp","href":"https:\/\/api.w.org\/{rel}","templated":true}]}}