{"id":321,"date":"2013-03-15T09:30:13","date_gmt":"2013-03-15T09:30:13","guid":{"rendered":"http:\/\/www.lacas.be\/?p=321"},"modified":"2013-03-15T09:30:13","modified_gmt":"2013-03-15T09:30:13","slug":"creativa-bruxelles-2013","status":"publish","type":"post","link":"http:\/\/www.lacas.be\/?p=321","title":{"rendered":"Creativa Bruxelles 2013"},"content":{"rendered":"<p>Pour la premi\u00e8re fois, je suis all\u00e9e au salon creativa \u00e0 Bruxelles le 08 mars dernier o\u00f9 j&rsquo;ai baign\u00e9 dans les loisirs cr\u00e9atifs quelques heures &#8230; De fabuleuses r\u00e9alisations en patchworks ont surtout retenu mon attention mais pour les photos, il faudra attendre un peu, un changement de gsm \u00e9tant intervenu entretemps et on esp\u00e8re pouvoir les\u00a0r\u00e9cup\u00e9rer &#8230; !<\/p>\n<p>Pour le reste, je ne suis pas revenue les mains vides (par contre, le portefeuille lui s&rsquo;est quelque peu all\u00e9g\u00e9 !!)<\/p>\n<p>Voici mon butin acquis parfois de haute lutte au coude \u00e0 coude \u00e0 certains stands fr\u00e9quent\u00e9s &#8230;.<\/p>\n<p><a href=\"http:\/\/www.lacas.be\/wp-content\/uploads\/2013\/03\/DSC_02381.jpg\"><img loading=\"lazy\" decoding=\"async\" class=\"aligncenter size-large wp-image-323\" alt=\"DSC_0238\" src=\"http:\/\/www.lacas.be\/wp-content\/uploads\/2013\/03\/DSC_02381-1024x685.jpg\" width=\"640\" height=\"428\" srcset=\"http:\/\/www.lacas.be\/wp-content\/uploads\/2013\/03\/DSC_02381-1024x685.jpg 1024w, http:\/\/www.lacas.be\/wp-content\/uploads\/2013\/03\/DSC_02381-300x200.jpg 300w\" sizes=\"auto, (max-width: 640px) 100vw, 640px\" \/><\/a><\/p>\n<p>J&rsquo;ai donc ramen\u00e9 des coupons de tissus, du biais fleuri (liberty ?), des transferts, des pochoirs, du ruban, du croquet, \u00a0deux livres que je convoitais depuis longtemps et plein, plein de boutons et de charms (des \u00ab\u00a0kakailles\u00a0\u00bb comme on dit \u00ab\u00a0par chez nous\u00a0\u00bb).<\/p>\n<p>Reste \u00e0 pr\u00e9sent \u00e0 trouver le temps pour\u00a0concr\u00e9tiser toutes les belles id\u00e9es expos\u00e9es lors de ce salon ! j&rsquo;ai de quoi faire &#8230; en attendant le salon de l&rsquo;an prochain !!!<\/p>\n<p>Merci d&rsquo;avoir fait le d\u00e9tour par mon blog.<\/p>\n","protected":false},"excerpt":{"rendered":"<p>Pour la premi\u00e8re fois, je suis all\u00e9e au salon creativa \u00e0 Bruxelles le 08 mars dernier o\u00f9 j&rsquo;ai baign\u00e9 dans les loisirs cr\u00e9atifs quelques heures &#8230; De fabuleuses r\u00e9alisations en patchworks ont surtout retenu mon attention mais pour les photos, &hellip; <a href=\"http:\/\/www.lacas.be\/?p=321\">Continuer la lecture <span class=\"meta-nav\">&rarr;<\/span><\/a><\/p>\n","protected":false},"author":1,"featured_media":0,"comment_status":"open","ping_status":"open","sticky":false,"template":"","format":"standard","meta":{"footnotes":""},"categories":[1],"tags":[],"class_list":["post-321","post","type-post","status-publish","format-standard","hentry","category-non-classe"],"_links":{"self":[{"href":"http:\/\/www.lacas.be\/index.php?rest_route=\/wp\/v2\/posts\/321","targetHints":{"allow":["GET"]}}],"collection":[{"href":"http:\/\/www.lacas.be\/index.php?rest_route=\/wp\/v2\/posts"}],"about":[{"href":"http:\/\/www.lacas.be\/index.php?rest_route=\/wp\/v2\/types\/post"}],"author":[{"embeddable":true,"href":"http:\/\/www.lacas.be\/index.php?rest_route=\/wp\/v2\/users\/1"}],"replies":[{"embeddable":true,"href":"http:\/\/www.lacas.be\/index.php?rest_route=%2Fwp%2Fv2%2Fcomments&post=321"}],"version-history":[{"count":5,"href":"http:\/\/www.lacas.be\/index.php?rest_route=\/wp\/v2\/posts\/321\/revisions"}],"predecessor-version":[{"id":330,"href":"http:\/\/www.lacas.be\/index.php?rest_route=\/wp\/v2\/posts\/321\/revisions\/330"}],"wp:attachment":[{"href":"http:\/\/www.lacas.be\/index.php?rest_route=%2Fwp%2Fv2%2Fmedia&parent=321"}],"wp:term":[{"taxonomy":"category","embeddable":true,"href":"http:\/\/www.lacas.be\/index.php?rest_route=%2Fwp%2Fv2%2Fcategories&post=321"},{"taxonomy":"post_tag","embeddable":true,"href":"http:\/\/www.lacas.be\/index.php?rest_route=%2Fwp%2Fv2%2Ftags&post=321"}],"curies":[{"name":"wp","href":"https:\/\/api.w.org\/{rel}","templated":true}]}}