{"id":3156,"date":"2015-03-04T17:39:08","date_gmt":"2015-03-04T17:39:08","guid":{"rendered":"http:\/\/www.lacas.be\/?p=3156"},"modified":"2015-03-04T17:39:08","modified_gmt":"2015-03-04T17:39:08","slug":"les-hirondelles-ne-font-pas-le-printemps","status":"publish","type":"post","link":"http:\/\/www.lacas.be\/?p=3156","title":{"rendered":"Les hirondelles ne font pas le printemps &#8230;"},"content":{"rendered":"<p>Les hirondelles ne font pas le printemps &#8230; pas encore mais c&rsquo;est pour bient\u00f4t, si, si &#8230; ! M\u00eame si grippe, sinusite et bronchite se succ\u00e8dent \u00e0 un rythme effr\u00e9n\u00e9 cet hiver &#8230;<\/p>\n<p><a href=\"http:\/\/www.lacas.be\/wp-content\/uploads\/2015\/03\/DSC_0015-recadr\u00e9e.jpg\"><img loading=\"lazy\" decoding=\"async\" class=\"alignnone  wp-image-3158\" src=\"http:\/\/www.lacas.be\/wp-content\/uploads\/2015\/03\/DSC_0015-recadr\u00e9e.jpg\" alt=\"DSC_0015 recadr\u00e9e\" width=\"740\" height=\"318\" \/><\/a><\/p>\n<p>Carte d&rsquo;anniversaire et son marque-page assorti made in Lacas herself avec die Kesi art, embossage \u00e0 froid nid d&rsquo;abeille de Darice, brad Rayher, chute de papier Tim Holtz, ficelle et masking tape de mes r\u00e9serves.<\/p>\n<p><a href=\"http:\/\/www.lacas.be\/wp-content\/uploads\/2015\/03\/DSC_0018-recadr\u00e9e.jpg\"><img loading=\"lazy\" decoding=\"async\" class=\"alignnone  wp-image-3159\" src=\"http:\/\/www.lacas.be\/wp-content\/uploads\/2015\/03\/DSC_0018-recadr\u00e9e.jpg\" alt=\"DSC_0018 recadr\u00e9e\" width=\"738\" height=\"683\" \/><\/a><\/p>\n<p>Un temps ensoleill\u00e9 entre les giboul\u00e9es de ce mois de Mars m&rsquo;a permis de prendre ces photos \u00e0 l&rsquo;ext\u00e9rieur dans le feuillage des pieds de lavande. Quand je vous disais en d\u00e9but de post que le printemps n&rsquo;est plus si loin &#8230; \ud83d\ude42<\/p>\n<p>Bonne fin de semaine et encore merci pour vos visites qui m&rsquo;encouragent \u00e0 poursuivre cette aventure \u00ab\u00a0blogesque\u00a0\u00bb faite de partages et de mille et une d\u00e9couvertes cr\u00e9atives \u00e0 suivre sur la toile.<\/p>\n<p>&nbsp;<\/p>\n","protected":false},"excerpt":{"rendered":"<p>Les hirondelles ne font pas le printemps &#8230; pas encore mais c&rsquo;est pour bient\u00f4t, si, si &#8230; ! M\u00eame si grippe, sinusite et bronchite se succ\u00e8dent \u00e0 un rythme effr\u00e9n\u00e9 cet hiver &#8230; Carte d&rsquo;anniversaire et son marque-page assorti made &hellip; <a href=\"http:\/\/www.lacas.be\/?p=3156\">Continuer la lecture <span class=\"meta-nav\">&rarr;<\/span><\/a><\/p>\n","protected":false},"author":1,"featured_media":0,"comment_status":"open","ping_status":"open","sticky":false,"template":"","format":"standard","meta":{"footnotes":""},"categories":[18],"tags":[],"class_list":["post-3156","post","type-post","status-publish","format-standard","hentry","category-scrapbooking"],"_links":{"self":[{"href":"http:\/\/www.lacas.be\/index.php?rest_route=\/wp\/v2\/posts\/3156","targetHints":{"allow":["GET"]}}],"collection":[{"href":"http:\/\/www.lacas.be\/index.php?rest_route=\/wp\/v2\/posts"}],"about":[{"href":"http:\/\/www.lacas.be\/index.php?rest_route=\/wp\/v2\/types\/post"}],"author":[{"embeddable":true,"href":"http:\/\/www.lacas.be\/index.php?rest_route=\/wp\/v2\/users\/1"}],"replies":[{"embeddable":true,"href":"http:\/\/www.lacas.be\/index.php?rest_route=%2Fwp%2Fv2%2Fcomments&post=3156"}],"version-history":[{"count":6,"href":"http:\/\/www.lacas.be\/index.php?rest_route=\/wp\/v2\/posts\/3156\/revisions"}],"predecessor-version":[{"id":3166,"href":"http:\/\/www.lacas.be\/index.php?rest_route=\/wp\/v2\/posts\/3156\/revisions\/3166"}],"wp:attachment":[{"href":"http:\/\/www.lacas.be\/index.php?rest_route=%2Fwp%2Fv2%2Fmedia&parent=3156"}],"wp:term":[{"taxonomy":"category","embeddable":true,"href":"http:\/\/www.lacas.be\/index.php?rest_route=%2Fwp%2Fv2%2Fcategories&post=3156"},{"taxonomy":"post_tag","embeddable":true,"href":"http:\/\/www.lacas.be\/index.php?rest_route=%2Fwp%2Fv2%2Ftags&post=3156"}],"curies":[{"name":"wp","href":"https:\/\/api.w.org\/{rel}","templated":true}]}}