{"id":315,"date":"2013-03-13T08:54:19","date_gmt":"2013-03-13T08:54:19","guid":{"rendered":"http:\/\/www.lacas.be\/?p=315"},"modified":"2013-03-13T08:54:19","modified_gmt":"2013-03-13T08:54:19","slug":"entre-brodeuses","status":"publish","type":"post","link":"http:\/\/www.lacas.be\/?p=315","title":{"rendered":"Entre brodeuses &#8230;"},"content":{"rendered":"<p>Un p&rsquo;tit cadeau pour une brodeuse qui se reconna\u00eetra &#8230; r\u00e9alis\u00e9 depuis un bon moment mais finalis\u00e9 et donn\u00e9\u00a0ce week end seulement. Au vu de l&rsquo;initiale V \u00e0 l&rsquo;envers, je me rends compte que la photo\u00a0n&rsquo;a pas \u00e9t\u00e9 prise dans le bon sens\u00a0! \u00e7a donne n\u00e9anmoins une id\u00e9e de l&rsquo;ensemble &#8230; \u00e0 l&rsquo;ext\u00e9rieur :<\/p>\n<p style=\"text-align: center;\"><a href=\"http:\/\/www.lacas.be\/wp-content\/uploads\/2013\/03\/DSC_0241.jpg\"><img loading=\"lazy\" decoding=\"async\" class=\"aligncenter  wp-image-316\" alt=\"DSC_0241\" src=\"http:\/\/www.lacas.be\/wp-content\/uploads\/2013\/03\/DSC_0241-1024x685.jpg\" width=\"448\" height=\"300\" srcset=\"http:\/\/www.lacas.be\/wp-content\/uploads\/2013\/03\/DSC_0241-1024x685.jpg 1024w, http:\/\/www.lacas.be\/wp-content\/uploads\/2013\/03\/DSC_0241-300x200.jpg 300w\" sizes=\"auto, (max-width: 448px) 100vw, 448px\" \/><\/a><\/p>\n<p>A l&rsquo;int\u00e9rieur avec des \u00e9chevettes, quelques aiguilles et un coupon de lin :<\/p>\n<p style=\"text-align: center;\"><a href=\"http:\/\/www.lacas.be\/wp-content\/uploads\/2013\/03\/DSC_0242.jpg\"><img loading=\"lazy\" decoding=\"async\" class=\"aligncenter  wp-image-317\" alt=\"DSC_0242\" src=\"http:\/\/www.lacas.be\/wp-content\/uploads\/2013\/03\/DSC_0242-1024x685.jpg\" width=\"512\" height=\"342\" srcset=\"http:\/\/www.lacas.be\/wp-content\/uploads\/2013\/03\/DSC_0242-1024x685.jpg 1024w, http:\/\/www.lacas.be\/wp-content\/uploads\/2013\/03\/DSC_0242-300x200.jpg 300w\" sizes=\"auto, (max-width: 512px) 100vw, 512px\" \/><\/a><\/p>\n<p>Le tout d&rsquo;apr\u00e8s une id\u00e9e\u00a0internet et que j&rsquo;ai trouv\u00e9 originale, apparemment, elle a fait plaisir \u00e0 sa destinataire !! tant mieux ! c&rsquo;\u00e9tait le but !<\/p>\n<p>A bient\u00f4t pour un article sur Creativa Bruxelles qui s&rsquo;est d\u00e9roul\u00e9 le week end dernier.<\/p>\n<p>&nbsp;<\/p>\n","protected":false},"excerpt":{"rendered":"<p>Un p&rsquo;tit cadeau pour une brodeuse qui se reconna\u00eetra &#8230; r\u00e9alis\u00e9 depuis un bon moment mais finalis\u00e9 et donn\u00e9\u00a0ce week end seulement. Au vu de l&rsquo;initiale V \u00e0 l&rsquo;envers, je me rends compte que la photo\u00a0n&rsquo;a pas \u00e9t\u00e9 prise dans &hellip; <a href=\"http:\/\/www.lacas.be\/?p=315\">Continuer la lecture <span class=\"meta-nav\">&rarr;<\/span><\/a><\/p>\n","protected":false},"author":1,"featured_media":0,"comment_status":"open","ping_status":"open","sticky":false,"template":"","format":"standard","meta":{"footnotes":""},"categories":[1],"tags":[],"class_list":["post-315","post","type-post","status-publish","format-standard","hentry","category-non-classe"],"_links":{"self":[{"href":"http:\/\/www.lacas.be\/index.php?rest_route=\/wp\/v2\/posts\/315","targetHints":{"allow":["GET"]}}],"collection":[{"href":"http:\/\/www.lacas.be\/index.php?rest_route=\/wp\/v2\/posts"}],"about":[{"href":"http:\/\/www.lacas.be\/index.php?rest_route=\/wp\/v2\/types\/post"}],"author":[{"embeddable":true,"href":"http:\/\/www.lacas.be\/index.php?rest_route=\/wp\/v2\/users\/1"}],"replies":[{"embeddable":true,"href":"http:\/\/www.lacas.be\/index.php?rest_route=%2Fwp%2Fv2%2Fcomments&post=315"}],"version-history":[{"count":3,"href":"http:\/\/www.lacas.be\/index.php?rest_route=\/wp\/v2\/posts\/315\/revisions"}],"predecessor-version":[{"id":329,"href":"http:\/\/www.lacas.be\/index.php?rest_route=\/wp\/v2\/posts\/315\/revisions\/329"}],"wp:attachment":[{"href":"http:\/\/www.lacas.be\/index.php?rest_route=%2Fwp%2Fv2%2Fmedia&parent=315"}],"wp:term":[{"taxonomy":"category","embeddable":true,"href":"http:\/\/www.lacas.be\/index.php?rest_route=%2Fwp%2Fv2%2Fcategories&post=315"},{"taxonomy":"post_tag","embeddable":true,"href":"http:\/\/www.lacas.be\/index.php?rest_route=%2Fwp%2Fv2%2Ftags&post=315"}],"curies":[{"name":"wp","href":"https:\/\/api.w.org\/{rel}","templated":true}]}}