{"id":3140,"date":"2015-02-22T18:38:06","date_gmt":"2015-02-22T18:38:06","guid":{"rendered":"http:\/\/www.lacas.be\/?p=3140"},"modified":"2015-02-22T18:38:06","modified_gmt":"2015-02-22T18:38:06","slug":"galerie-vivienne-paris","status":"publish","type":"post","link":"http:\/\/www.lacas.be\/?p=3140","title":{"rendered":"Galerie Vivienne &#8211; Paris"},"content":{"rendered":"<p>Lors d&rsquo;un court s\u00e9jour \u00e0 Paris en juillet dernier, nous avons eu l&rsquo;occasion de passer dans la galerie Vivienne, un joyau d&rsquo;art nouveau. Il s&rsquo;agit d&rsquo;un passage couvert construit, en 1823, selon les plans de l&rsquo;architecte Fran\u00e7ois-Jean Delannoy, de 176 m\u00e8tres de long qui abrite des boutiques de luxe. Le sol est de mosa\u00efque d&rsquo;\u00e9poque. Encore sous le charme, j&rsquo;ai\u00a0 r\u00e9alis\u00e9 cette page d&rsquo;une photo qui \u00ab\u00a0rend\u00a0\u00bb bien la luminosit\u00e9 et la beaut\u00e9 du lieu.<\/p>\n<p><a href=\"http:\/\/www.lacas.be\/wp-content\/uploads\/2015\/02\/vivienne2.jpg\"><img loading=\"lazy\" decoding=\"async\" class=\"alignnone  wp-image-3144\" src=\"http:\/\/www.lacas.be\/wp-content\/uploads\/2015\/02\/vivienne2.jpg\" alt=\"vivienne2\" width=\"640\" height=\"586\" \/><\/a><\/p>\n<p><a href=\"http:\/\/www.lacas.be\/wp-content\/uploads\/2015\/02\/vivienne-4.jpg\"><img loading=\"lazy\" decoding=\"async\" class=\"alignnone  wp-image-3143\" src=\"http:\/\/www.lacas.be\/wp-content\/uploads\/2015\/02\/vivienne-4.jpg\" alt=\"vivienne 4\" width=\"641\" height=\"641\" \/><\/a><\/p>\n<p><a href=\"http:\/\/www.lacas.be\/wp-content\/uploads\/2015\/02\/vivienne-3.jpg\"><img loading=\"lazy\" decoding=\"async\" class=\"alignnone  wp-image-3142\" src=\"http:\/\/www.lacas.be\/wp-content\/uploads\/2015\/02\/vivienne-3.jpg\" alt=\"vivienne 3\" width=\"639\" height=\"436\" \/><\/a><\/p>\n<p><a href=\"http:\/\/www.lacas.be\/wp-content\/uploads\/2015\/02\/vivienne-1.jpg\"><img loading=\"lazy\" decoding=\"async\" class=\"alignnone  wp-image-3141\" src=\"http:\/\/www.lacas.be\/wp-content\/uploads\/2015\/02\/vivienne-1.jpg\" alt=\"vivienne 1\" width=\"635\" height=\"631\" \/><\/a><\/p>\n<p>Le texte souvenirs a \u00e9t\u00e9 r\u00e9alis\u00e9 \u00e0 partir d&rsquo;un die de Kesi Art, quelques \u00e9pingles et brads issus de mes r\u00e9serves viennent agr\u00e9menter la page qui met bien en valeur la photo, me semble-t-il.<\/p>\n<p>Belle et douce semaine \u00e0 tous et toutes.<\/p>\n","protected":false},"excerpt":{"rendered":"<p>Lors d&rsquo;un court s\u00e9jour \u00e0 Paris en juillet dernier, nous avons eu l&rsquo;occasion de passer dans la galerie Vivienne, un joyau d&rsquo;art nouveau. Il s&rsquo;agit d&rsquo;un passage couvert construit, en 1823, selon les plans de l&rsquo;architecte Fran\u00e7ois-Jean Delannoy, de 176 &hellip; <a href=\"http:\/\/www.lacas.be\/?p=3140\">Continuer la lecture <span class=\"meta-nav\">&rarr;<\/span><\/a><\/p>\n","protected":false},"author":1,"featured_media":0,"comment_status":"open","ping_status":"open","sticky":false,"template":"","format":"standard","meta":{"footnotes":""},"categories":[18],"tags":[],"class_list":["post-3140","post","type-post","status-publish","format-standard","hentry","category-scrapbooking"],"_links":{"self":[{"href":"http:\/\/www.lacas.be\/index.php?rest_route=\/wp\/v2\/posts\/3140","targetHints":{"allow":["GET"]}}],"collection":[{"href":"http:\/\/www.lacas.be\/index.php?rest_route=\/wp\/v2\/posts"}],"about":[{"href":"http:\/\/www.lacas.be\/index.php?rest_route=\/wp\/v2\/types\/post"}],"author":[{"embeddable":true,"href":"http:\/\/www.lacas.be\/index.php?rest_route=\/wp\/v2\/users\/1"}],"replies":[{"embeddable":true,"href":"http:\/\/www.lacas.be\/index.php?rest_route=%2Fwp%2Fv2%2Fcomments&post=3140"}],"version-history":[{"count":7,"href":"http:\/\/www.lacas.be\/index.php?rest_route=\/wp\/v2\/posts\/3140\/revisions"}],"predecessor-version":[{"id":3151,"href":"http:\/\/www.lacas.be\/index.php?rest_route=\/wp\/v2\/posts\/3140\/revisions\/3151"}],"wp:attachment":[{"href":"http:\/\/www.lacas.be\/index.php?rest_route=%2Fwp%2Fv2%2Fmedia&parent=3140"}],"wp:term":[{"taxonomy":"category","embeddable":true,"href":"http:\/\/www.lacas.be\/index.php?rest_route=%2Fwp%2Fv2%2Fcategories&post=3140"},{"taxonomy":"post_tag","embeddable":true,"href":"http:\/\/www.lacas.be\/index.php?rest_route=%2Fwp%2Fv2%2Ftags&post=3140"}],"curies":[{"name":"wp","href":"https:\/\/api.w.org\/{rel}","templated":true}]}}