{"id":304,"date":"2013-02-14T13:40:17","date_gmt":"2013-02-14T13:40:17","guid":{"rendered":"http:\/\/www.lacas.be\/?p=304"},"modified":"2013-02-14T13:41:38","modified_gmt":"2013-02-14T13:41:38","slug":"lhiver-na-pas-dit-son-dernier-mot","status":"publish","type":"post","link":"http:\/\/www.lacas.be\/?p=304","title":{"rendered":"L&rsquo;hiver n&rsquo;a pas dit son dernier mot !"},"content":{"rendered":"<p>Quelques photos hivernales &#8230; juste pour rappeler quelques souvenirs \u00e0 \u00ab\u00a0l&rsquo;expatri\u00e9 \u00a0\u00bb &#8230; h\u00e9 oui, ici, c&rsquo;est encore l&rsquo;hiver, il g\u00e8le jour (moins 3 degr\u00e9s) et nuit (moins 10 degr\u00e9s) &#8230;.<\/p>\n<p>\u00a0<img loading=\"lazy\" decoding=\"async\" class=\"aligncenter size-large wp-image-307\" alt=\"banc sous la neige\" src=\"http:\/\/www.lacas.be\/wp-content\/uploads\/2013\/02\/banc-sous-la-neige-1024x685.jpg\" width=\"640\" height=\"428\" srcset=\"http:\/\/www.lacas.be\/wp-content\/uploads\/2013\/02\/banc-sous-la-neige-1024x685.jpg 1024w, http:\/\/www.lacas.be\/wp-content\/uploads\/2013\/02\/banc-sous-la-neige-300x200.jpg 300w\" sizes=\"auto, (max-width: 640px) 100vw, 640px\" \/><img loading=\"lazy\" decoding=\"async\" class=\"aligncenter size-large wp-image-306\" alt=\"neige\" src=\"http:\/\/www.lacas.be\/wp-content\/uploads\/2013\/02\/neige-1024x767.jpg\" width=\"640\" height=\"479\" srcset=\"http:\/\/www.lacas.be\/wp-content\/uploads\/2013\/02\/neige-1024x767.jpg 1024w, http:\/\/www.lacas.be\/wp-content\/uploads\/2013\/02\/neige-300x224.jpg 300w\" sizes=\"auto, (max-width: 640px) 100vw, 640px\" \/><\/p>\n<p>&nbsp;<\/p>\n<p>Il y a des\u00a0matins\u00a0o\u00f9 nous nous surprenons \u00e0 r\u00eaver aux Tropiques &#8230; Mais bon, neige, verglas et frimas font partie du climat, au moins, ici, pas encore de tsunami !! on se console comme on peut !!!<\/p>\n<p>Bient\u00f4t\u00a0un post de\u00a0quelques \u00ab\u00a0cr\u00e9ations\u00a0\u00bb au coin du feu &#8230; quand la lumi\u00e8re sera plus favorable aux photos int\u00e9rieures !<\/p>\n<p>Merci d&rsquo;avoir partag\u00e9 ce moment avec moi. Et bonne f\u00eate aux amoureux !!!<\/p>\n<p>PS : ma belle-soeur tr\u00e8s cr\u00e9ative a ouvert r\u00e9cemment un blog <a href=\"http:\/\/www.bricole.be\/\">www.bricole.be<\/a>, je ne doute pas que celui-ci sera aliment\u00e9 par toutes ses belles r\u00e9alisations !!<\/p>\n<p>&nbsp;<\/p>\n<p>&nbsp;<\/p>\n","protected":false},"excerpt":{"rendered":"<p>Quelques photos hivernales &#8230; juste pour rappeler quelques souvenirs \u00e0 \u00ab\u00a0l&rsquo;expatri\u00e9 \u00a0\u00bb &#8230; h\u00e9 oui, ici, c&rsquo;est encore l&rsquo;hiver, il g\u00e8le jour (moins 3 degr\u00e9s) et nuit (moins 10 degr\u00e9s) &#8230;. \u00a0 &nbsp; Il y a des\u00a0matins\u00a0o\u00f9 nous nous surprenons &hellip; <a href=\"http:\/\/www.lacas.be\/?p=304\">Continuer la lecture <span class=\"meta-nav\">&rarr;<\/span><\/a><\/p>\n","protected":false},"author":1,"featured_media":0,"comment_status":"open","ping_status":"open","sticky":false,"template":"","format":"standard","meta":{"footnotes":""},"categories":[3],"tags":[],"class_list":["post-304","post","type-post","status-publish","format-standard","hentry","category-decouvertes"],"_links":{"self":[{"href":"http:\/\/www.lacas.be\/index.php?rest_route=\/wp\/v2\/posts\/304","targetHints":{"allow":["GET"]}}],"collection":[{"href":"http:\/\/www.lacas.be\/index.php?rest_route=\/wp\/v2\/posts"}],"about":[{"href":"http:\/\/www.lacas.be\/index.php?rest_route=\/wp\/v2\/types\/post"}],"author":[{"embeddable":true,"href":"http:\/\/www.lacas.be\/index.php?rest_route=\/wp\/v2\/users\/1"}],"replies":[{"embeddable":true,"href":"http:\/\/www.lacas.be\/index.php?rest_route=%2Fwp%2Fv2%2Fcomments&post=304"}],"version-history":[{"count":6,"href":"http:\/\/www.lacas.be\/index.php?rest_route=\/wp\/v2\/posts\/304\/revisions"}],"predecessor-version":[{"id":313,"href":"http:\/\/www.lacas.be\/index.php?rest_route=\/wp\/v2\/posts\/304\/revisions\/313"}],"wp:attachment":[{"href":"http:\/\/www.lacas.be\/index.php?rest_route=%2Fwp%2Fv2%2Fmedia&parent=304"}],"wp:term":[{"taxonomy":"category","embeddable":true,"href":"http:\/\/www.lacas.be\/index.php?rest_route=%2Fwp%2Fv2%2Fcategories&post=304"},{"taxonomy":"post_tag","embeddable":true,"href":"http:\/\/www.lacas.be\/index.php?rest_route=%2Fwp%2Fv2%2Ftags&post=304"}],"curies":[{"name":"wp","href":"https:\/\/api.w.org\/{rel}","templated":true}]}}