{"id":2993,"date":"2015-01-07T19:07:41","date_gmt":"2015-01-07T19:07:41","guid":{"rendered":"http:\/\/www.lacas.be\/?p=2993"},"modified":"2015-01-07T19:07:41","modified_gmt":"2015-01-07T19:07:41","slug":"chronos","status":"publish","type":"post","link":"http:\/\/www.lacas.be\/?p=2993","title":{"rendered":"Chronos"},"content":{"rendered":"<p><span style=\"text-decoration: underline;\">Chronos<\/span>, du grec ancien, signifiant le temps physique, mesur\u00e9 chronologiquement, divis\u00e9 en ann\u00e9es, mois, heures, minutes &#8230;.etc.\u00a0 En r\u00e9fl\u00e9chissant \u00e0 ce th\u00e8me, les vers suivants de Lamartine qui me serviront de fil d&rsquo;Ariane tout au long de ce tryptique, me sont revenus \u00e0 l&rsquo;esprit :<\/p>\n<p><em>\u00ab\u00a0\u00f4 lac, l&rsquo;ann\u00e9e \u00e0 peine a fini sa carri\u00e8re que pr\u00e8s des flots ch\u00e9ris qu&rsquo;elle devait revoir, regarde, je viens seul m&rsquo;asseoir sur cette pierre o\u00f9 tu l&rsquo;as vue s&rsquo;asseoir \u00a0\u00bb (Le lac- Lamartine)<\/em><\/p>\n<p>Et en images, voici Chronos, la premi\u00e8re page d&rsquo;une s\u00e9rie de trois sur ma repr\u00e9sentation du temps qui passe\u00a0 et ma participation au lift propos\u00e9 ce mois-ci par le blog style shabby :<\/p>\n<p><a href=\"http:\/\/www.lacas.be\/wp-content\/uploads\/2015\/01\/DSC_0075.jpg\"><img loading=\"lazy\" decoding=\"async\" class=\" wp-image-3005 aligncenter\" src=\"http:\/\/www.lacas.be\/wp-content\/uploads\/2015\/01\/DSC_0075.jpg\" alt=\"DSC_0075\" width=\"600\" height=\"402\" \/><\/a><\/p>\n<p>Les embellissements comme l&rsquo;horloge et les engrenages sont de Tim Holtz, s\u00e9rie idea-ology.<\/p>\n<p><a href=\"http:\/\/www.lacas.be\/wp-content\/uploads\/2015\/01\/DSC_0072.jpg\"><img loading=\"lazy\" decoding=\"async\" class=\"  wp-image-3003 aligncenter\" src=\"http:\/\/www.lacas.be\/wp-content\/uploads\/2015\/01\/DSC_0072.jpg\" alt=\"DSC_0072\" width=\"599\" height=\"401\" \/><\/a><\/p>\n<p>Les fleurs en papier sont faites \u00ab\u00a0main\u00a0\u00bb \u00e0 partir d&rsquo;une id\u00e9e trouv\u00e9e sur Pinterest.<\/p>\n<p><a href=\"http:\/\/www.lacas.be\/wp-content\/uploads\/2015\/01\/DSC_0070.jpg\"><img loading=\"lazy\" decoding=\"async\" class=\" wp-image-3002 aligncenter\" src=\"http:\/\/www.lacas.be\/wp-content\/uploads\/2015\/01\/DSC_0070.jpg\" alt=\"DSC_0070\" width=\"600\" height=\"402\" \/><\/a><\/p>\n<p><a href=\"http:\/\/www.lacas.be\/wp-content\/uploads\/2015\/01\/DSC_0056.jpg\"><img loading=\"lazy\" decoding=\"async\" class=\" wp-image-2997 aligncenter\" src=\"http:\/\/www.lacas.be\/wp-content\/uploads\/2015\/01\/DSC_0056.jpg\" alt=\"DSC_0056\" width=\"600\" height=\"402\" \/><\/a><\/p>\n<p>Les gants en dentelle sur cette photo sont anciens et proviennent des armoires familiales !!! De m\u00eame que l&rsquo;encrier et les plumes. Mon prochain post sera consacr\u00e9 \u00e0 Kairos, le temps m\u00e9taphysique.<\/p>\n<p>Je termine ce post en ayant une pens\u00e9e pour les victimes de l&rsquo;attentat du journal \u00ab\u00a0Charlie Hebdo\u00a0\u00bb \u00e0 Paris et pour lesquelles malheureusement, le temps s&rsquo;est arr\u00eat\u00e9 aujourd&rsquo;hui, au moins pour 12 d&rsquo;entre elles.<\/p>\n<p>A bient\u00f4t.<\/p>\n<p>&nbsp;<\/p>\n","protected":false},"excerpt":{"rendered":"<p>Chronos, du grec ancien, signifiant le temps physique, mesur\u00e9 chronologiquement, divis\u00e9 en ann\u00e9es, mois, heures, minutes &#8230;.etc.\u00a0 En r\u00e9fl\u00e9chissant \u00e0 ce th\u00e8me, les vers suivants de Lamartine qui me serviront de fil d&rsquo;Ariane tout au long de ce tryptique, me &hellip; <a href=\"http:\/\/www.lacas.be\/?p=2993\">Continuer la lecture <span class=\"meta-nav\">&rarr;<\/span><\/a><\/p>\n","protected":false},"author":1,"featured_media":0,"comment_status":"open","ping_status":"open","sticky":false,"template":"","format":"standard","meta":{"footnotes":""},"categories":[18],"tags":[],"class_list":["post-2993","post","type-post","status-publish","format-standard","hentry","category-scrapbooking"],"_links":{"self":[{"href":"http:\/\/www.lacas.be\/index.php?rest_route=\/wp\/v2\/posts\/2993","targetHints":{"allow":["GET"]}}],"collection":[{"href":"http:\/\/www.lacas.be\/index.php?rest_route=\/wp\/v2\/posts"}],"about":[{"href":"http:\/\/www.lacas.be\/index.php?rest_route=\/wp\/v2\/types\/post"}],"author":[{"embeddable":true,"href":"http:\/\/www.lacas.be\/index.php?rest_route=\/wp\/v2\/users\/1"}],"replies":[{"embeddable":true,"href":"http:\/\/www.lacas.be\/index.php?rest_route=%2Fwp%2Fv2%2Fcomments&post=2993"}],"version-history":[{"count":11,"href":"http:\/\/www.lacas.be\/index.php?rest_route=\/wp\/v2\/posts\/2993\/revisions"}],"predecessor-version":[{"id":3012,"href":"http:\/\/www.lacas.be\/index.php?rest_route=\/wp\/v2\/posts\/2993\/revisions\/3012"}],"wp:attachment":[{"href":"http:\/\/www.lacas.be\/index.php?rest_route=%2Fwp%2Fv2%2Fmedia&parent=2993"}],"wp:term":[{"taxonomy":"category","embeddable":true,"href":"http:\/\/www.lacas.be\/index.php?rest_route=%2Fwp%2Fv2%2Fcategories&post=2993"},{"taxonomy":"post_tag","embeddable":true,"href":"http:\/\/www.lacas.be\/index.php?rest_route=%2Fwp%2Fv2%2Ftags&post=2993"}],"curies":[{"name":"wp","href":"https:\/\/api.w.org\/{rel}","templated":true}]}}