{"id":293,"date":"2013-01-06T17:32:36","date_gmt":"2013-01-06T17:32:36","guid":{"rendered":"http:\/\/www.lacas.be\/?p=293"},"modified":"2013-01-06T17:32:36","modified_gmt":"2013-01-06T17:32:36","slug":"exit-2012","status":"publish","type":"post","link":"http:\/\/www.lacas.be\/?p=293","title":{"rendered":"Exit 2012"},"content":{"rendered":"<p>&nbsp;<\/p>\n<p><img loading=\"lazy\" decoding=\"async\" class=\"aligncenter size-large wp-image-280\" alt=\"DSC_0197\" src=\"http:\/\/www.lacas.be\/wp-content\/uploads\/2012\/12\/DSC_0197-1024x685.jpg\" width=\"640\" height=\"428\" srcset=\"http:\/\/www.lacas.be\/wp-content\/uploads\/2012\/12\/DSC_0197-1024x685.jpg 1024w, http:\/\/www.lacas.be\/wp-content\/uploads\/2012\/12\/DSC_0197-300x200.jpg 300w\" sizes=\"auto, (max-width: 640px) 100vw, 640px\" \/> 2013 est une page blanche encore \u00e0 \u00e9crire, une partition encore \u00e0 cr\u00e9er, que je vous souhaite tout en allegro et en vivacit\u00e9 &#8230;<\/p>\n<p>Pas de photos de ma table de No\u00ebl &#8230; toute occup\u00e9e par la gastronomie du jour, j&rsquo;ai compl\u00e9tement \u00ab\u00a0zapp\u00e9\u00a0\u00bb l&rsquo;appareil photo &#8230;<\/p>\n<p>En attendant No\u00ebl prochain, une id\u00e9e subite, une illumination ?, m&rsquo;a travers\u00e9 l&rsquo;esprit hier, une envie, un besoin urgent de relooker un meuble de famille qui s&rsquo;ennuyait, morose, dans une chambre&#8230; (PS : pour le propri\u00e9taire des albums de timbre qu&rsquo;il abritait, ces derniers sont en s\u00e9curit\u00e9, soigneusement install\u00e9s sur une \u00e9tag\u00e8re&#8230; no stress !!). D&rsquo;ores et d\u00e9j\u00e0 par\u00e9 d&rsquo;une sous-couche Eleopro (Eleonore Deco), ce petit meuble attend sa m\u00e9tamorphose ! Des photos disponibles lorsqu&rsquo;il sera termin\u00e9 !!<\/p>\n<p>Ci-dessous une petite composition personnelle. Pour r\u00e9pondre \u00e0 certaines interrogations de mes lecteurs, toutes mes \u00ab\u00a0cr\u00e9as\u00a0\u00bb sont faits maison, la plupart du temps \u00e0 partir d&rsquo;id\u00e9es glan\u00e9es sur la toile, de m\u00eame les articles sont de mon cru !<\/p>\n<p><img loading=\"lazy\" decoding=\"async\" class=\"aligncenter size-large wp-image-265\" alt=\"DSC_0117\" src=\"http:\/\/www.lacas.be\/wp-content\/uploads\/2012\/12\/DSC_0117-1024x685.jpg\" width=\"399\" height=\"428\" \/><\/p>\n<p>Belle soir\u00e9e \u00e0 vous tous qui \u00eates pass\u00e9 par ici !<\/p>\n<p>&nbsp;<\/p>\n<p>&nbsp;<\/p>\n<p>&nbsp;<\/p>\n<p>&nbsp;<\/p>\n<p>&nbsp;<\/p>\n","protected":false},"excerpt":{"rendered":"<p>&nbsp; 2013 est une page blanche encore \u00e0 \u00e9crire, une partition encore \u00e0 cr\u00e9er, que je vous souhaite tout en allegro et en vivacit\u00e9 &#8230; Pas de photos de ma table de No\u00ebl &#8230; toute occup\u00e9e par la gastronomie du &hellip; <a href=\"http:\/\/www.lacas.be\/?p=293\">Continuer la lecture <span class=\"meta-nav\">&rarr;<\/span><\/a><\/p>\n","protected":false},"author":1,"featured_media":0,"comment_status":"open","ping_status":"open","sticky":false,"template":"","format":"standard","meta":{"footnotes":""},"categories":[1],"tags":[],"class_list":["post-293","post","type-post","status-publish","format-standard","hentry","category-non-classe"],"_links":{"self":[{"href":"http:\/\/www.lacas.be\/index.php?rest_route=\/wp\/v2\/posts\/293","targetHints":{"allow":["GET"]}}],"collection":[{"href":"http:\/\/www.lacas.be\/index.php?rest_route=\/wp\/v2\/posts"}],"about":[{"href":"http:\/\/www.lacas.be\/index.php?rest_route=\/wp\/v2\/types\/post"}],"author":[{"embeddable":true,"href":"http:\/\/www.lacas.be\/index.php?rest_route=\/wp\/v2\/users\/1"}],"replies":[{"embeddable":true,"href":"http:\/\/www.lacas.be\/index.php?rest_route=%2Fwp%2Fv2%2Fcomments&post=293"}],"version-history":[{"count":3,"href":"http:\/\/www.lacas.be\/index.php?rest_route=\/wp\/v2\/posts\/293\/revisions"}],"predecessor-version":[{"id":299,"href":"http:\/\/www.lacas.be\/index.php?rest_route=\/wp\/v2\/posts\/293\/revisions\/299"}],"wp:attachment":[{"href":"http:\/\/www.lacas.be\/index.php?rest_route=%2Fwp%2Fv2%2Fmedia&parent=293"}],"wp:term":[{"taxonomy":"category","embeddable":true,"href":"http:\/\/www.lacas.be\/index.php?rest_route=%2Fwp%2Fv2%2Fcategories&post=293"},{"taxonomy":"post_tag","embeddable":true,"href":"http:\/\/www.lacas.be\/index.php?rest_route=%2Fwp%2Fv2%2Ftags&post=293"}],"curies":[{"name":"wp","href":"https:\/\/api.w.org\/{rel}","templated":true}]}}