{"id":2660,"date":"2014-09-10T16:42:08","date_gmt":"2014-09-10T16:42:08","guid":{"rendered":"http:\/\/www.lacas.be\/?p=2660"},"modified":"2014-09-10T16:42:08","modified_gmt":"2014-09-10T16:42:08","slug":"belle-dantan","status":"publish","type":"post","link":"http:\/\/www.lacas.be\/?p=2660","title":{"rendered":"Belle d&rsquo;antan"},"content":{"rendered":"<p>Et voil\u00e0 la page 4 de ce qui sera un jour (l&rsquo;espoir fait vivre !!!)\u00a0 l&rsquo;album \u00ab\u00a0Portraits de femmes\u00a0\u00bb. J&rsquo;ai retrouv\u00e9 dans mes photos familiales ce clich\u00e9 de photographe. Il doit s&rsquo;agir de la grande tante de mon \u00e9poux &#8230;\u00a0 d\u00e9c\u00e9d\u00e9e de la grippe espagnole \u00e0 20 ans en 1918.\u00a0<a href=\"http:\/\/www.lacas.be\/wp-content\/uploads\/2014\/09\/belle-dantan-et-embellissements-007.jpg\"><img loading=\"lazy\" decoding=\"async\" class=\"alignnone size-large wp-image-2675\" src=\"http:\/\/www.lacas.be\/wp-content\/uploads\/2014\/09\/belle-dantan-et-embellissements-007-1024x685.jpg\" alt=\"belle d'antan et embellissements 007\" width=\"700\" height=\"468\" srcset=\"http:\/\/www.lacas.be\/wp-content\/uploads\/2014\/09\/belle-dantan-et-embellissements-007-1024x685.jpg 1024w, http:\/\/www.lacas.be\/wp-content\/uploads\/2014\/09\/belle-dantan-et-embellissements-007-300x200.jpg 300w\" sizes=\"auto, (max-width: 700px) 100vw, 700px\" \/><\/a><\/p>\n<p>J&rsquo;aimais bien la mise en sc\u00e8ne avec la chaise de jardin en bois\u00a0 &#8230; j&rsquo;ai donc su tout de suite que\u00a0 ce portrait ferait partie de ma \u00ab\u00a0galerie \u00a0\u00bb \u00e0 cr\u00e9er &#8230;<\/p>\n<p><a href=\"http:\/\/www.lacas.be\/wp-content\/uploads\/2014\/09\/belle-dantan-et-embellissements-008.jpg\"><img loading=\"lazy\" decoding=\"async\" class=\"alignnone size-large wp-image-2676\" src=\"http:\/\/www.lacas.be\/wp-content\/uploads\/2014\/09\/belle-dantan-et-embellissements-008-1024x685.jpg\" alt=\"belle d'antan et embellissements 008\" width=\"700\" height=\"468\" srcset=\"http:\/\/www.lacas.be\/wp-content\/uploads\/2014\/09\/belle-dantan-et-embellissements-008-1024x685.jpg 1024w, http:\/\/www.lacas.be\/wp-content\/uploads\/2014\/09\/belle-dantan-et-embellissements-008-300x200.jpg 300w\" sizes=\"auto, (max-width: 700px) 100vw, 700px\" \/><\/a><\/p>\n<p>Quelques d\u00e9tails &#8230; J&rsquo;ai r\u00e9alis\u00e9 moi-m\u00eame le papillon et les fleurs, l&rsquo;une en lin (cfr post pr\u00e9c\u00e9dent) et l&rsquo;autre en fil de fer recouvert de papier d\u00e9j\u00e0 utilis\u00e9 il y a plusieurs mois pour faire mes silhouettes &#8230; Il y a aussi dans cette composition \u00e0 l&rsquo;allure shabby \u00e9pur\u00e9e des \u00e9pingles, de la dentelle, un noeud de satin et en clin d&rsquo;oeil, pour apporter une petite touche d&rsquo;humour, un transfert pour tissu \u00ab\u00a0fashion\u00a0\u00bb \ud83d\ude42<\/p>\n<p><a href=\"http:\/\/www.lacas.be\/wp-content\/uploads\/2014\/09\/belle-dantan-et-embellissements-003.jpg\"><img loading=\"lazy\" decoding=\"async\" class=\"alignnone size-large wp-image-2674\" src=\"http:\/\/www.lacas.be\/wp-content\/uploads\/2014\/09\/belle-dantan-et-embellissements-003-1024x685.jpg\" alt=\"belle d'antan et embellissements 003\" width=\"700\" height=\"468\" srcset=\"http:\/\/www.lacas.be\/wp-content\/uploads\/2014\/09\/belle-dantan-et-embellissements-003-1024x685.jpg 1024w, http:\/\/www.lacas.be\/wp-content\/uploads\/2014\/09\/belle-dantan-et-embellissements-003-300x200.jpg 300w\" sizes=\"auto, (max-width: 700px) 100vw, 700px\" \/><\/a><\/p>\n<p><a href=\"http:\/\/www.lacas.be\/wp-content\/uploads\/2014\/09\/belle-dantan-et-embellissements-033.jpg\"><img loading=\"lazy\" decoding=\"async\" class=\"alignnone size-large wp-image-2665\" src=\"http:\/\/www.lacas.be\/wp-content\/uploads\/2014\/09\/belle-dantan-et-embellissements-033-1024x685.jpg\" alt=\"belle d'antan et embellissements 033\" width=\"700\" height=\"468\" srcset=\"http:\/\/www.lacas.be\/wp-content\/uploads\/2014\/09\/belle-dantan-et-embellissements-033-1024x685.jpg 1024w, http:\/\/www.lacas.be\/wp-content\/uploads\/2014\/09\/belle-dantan-et-embellissements-033-300x200.jpg 300w\" sizes=\"auto, (max-width: 700px) 100vw, 700px\" \/><\/a><\/p>\n<p>Cr\u00e9er ses propres embellissements est un vrai plaisir, chronophage et s\u00fbrement perfectible comme tout ce qui est fait \u00ab\u00a0main\u00a0\u00bb de mani\u00e8re artisanale en amateur &#8230; et on ne rit pas si les perles d&rsquo;un de mes papillons semblent de travers &#8230; c&rsquo;est juste un effet de la photo (si, si, j&rsquo;insiste !! allez, je plaide coupable mais j&rsquo;ai rectifi\u00e9 \ud83d\ude42\u00a0 &#8230;. ) Ci-dessous un petit aper\u00e7u de mes derni\u00e8res r\u00e9alisations qui vous inspireront peut-\u00eatre.<\/p>\n<p><a href=\"http:\/\/www.lacas.be\/wp-content\/uploads\/2014\/09\/belle-dantan-et-embellissements-020.jpg\"><img loading=\"lazy\" decoding=\"async\" class=\"alignnone size-large wp-image-2661\" src=\"http:\/\/www.lacas.be\/wp-content\/uploads\/2014\/09\/belle-dantan-et-embellissements-020-1024x685.jpg\" alt=\"belle d'antan et embellissements 020\" width=\"700\" height=\"468\" srcset=\"http:\/\/www.lacas.be\/wp-content\/uploads\/2014\/09\/belle-dantan-et-embellissements-020-1024x685.jpg 1024w, http:\/\/www.lacas.be\/wp-content\/uploads\/2014\/09\/belle-dantan-et-embellissements-020-300x200.jpg 300w\" sizes=\"auto, (max-width: 700px) 100vw, 700px\" \/><\/a><\/p>\n<p><a href=\"http:\/\/www.lacas.be\/wp-content\/uploads\/2014\/09\/belle-dantan-et-embellissements-010.jpg\"><img loading=\"lazy\" decoding=\"async\" class=\"alignnone size-large wp-image-2666\" src=\"http:\/\/www.lacas.be\/wp-content\/uploads\/2014\/09\/belle-dantan-et-embellissements-010-1024x685.jpg\" alt=\"belle d'antan et embellissements 010\" width=\"700\" height=\"468\" srcset=\"http:\/\/www.lacas.be\/wp-content\/uploads\/2014\/09\/belle-dantan-et-embellissements-010-1024x685.jpg 1024w, http:\/\/www.lacas.be\/wp-content\/uploads\/2014\/09\/belle-dantan-et-embellissements-010-300x200.jpg 300w\" sizes=\"auto, (max-width: 700px) 100vw, 700px\" \/><\/a><\/p>\n<p>Je vous retrouve bient\u00f4t &#8230;\u00a0 Merci pour vos visites &#8211; m\u00eame silencieuses &#8211; qui me font chaud au coeur !!!<\/p>\n","protected":false},"excerpt":{"rendered":"<p>Et voil\u00e0 la page 4 de ce qui sera un jour (l&rsquo;espoir fait vivre !!!)\u00a0 l&rsquo;album \u00ab\u00a0Portraits de femmes\u00a0\u00bb. J&rsquo;ai retrouv\u00e9 dans mes photos familiales ce clich\u00e9 de photographe. Il doit s&rsquo;agir de la grande tante de mon \u00e9poux &#8230;\u00a0 &hellip; <a href=\"http:\/\/www.lacas.be\/?p=2660\">Continuer la lecture <span class=\"meta-nav\">&rarr;<\/span><\/a><\/p>\n","protected":false},"author":1,"featured_media":0,"comment_status":"open","ping_status":"open","sticky":false,"template":"","format":"standard","meta":{"footnotes":""},"categories":[1,17],"tags":[],"class_list":["post-2660","post","type-post","status-publish","format-standard","hentry","category-non-classe","category-home-made"],"_links":{"self":[{"href":"http:\/\/www.lacas.be\/index.php?rest_route=\/wp\/v2\/posts\/2660","targetHints":{"allow":["GET"]}}],"collection":[{"href":"http:\/\/www.lacas.be\/index.php?rest_route=\/wp\/v2\/posts"}],"about":[{"href":"http:\/\/www.lacas.be\/index.php?rest_route=\/wp\/v2\/types\/post"}],"author":[{"embeddable":true,"href":"http:\/\/www.lacas.be\/index.php?rest_route=\/wp\/v2\/users\/1"}],"replies":[{"embeddable":true,"href":"http:\/\/www.lacas.be\/index.php?rest_route=%2Fwp%2Fv2%2Fcomments&post=2660"}],"version-history":[{"count":7,"href":"http:\/\/www.lacas.be\/index.php?rest_route=\/wp\/v2\/posts\/2660\/revisions"}],"predecessor-version":[{"id":2678,"href":"http:\/\/www.lacas.be\/index.php?rest_route=\/wp\/v2\/posts\/2660\/revisions\/2678"}],"wp:attachment":[{"href":"http:\/\/www.lacas.be\/index.php?rest_route=%2Fwp%2Fv2%2Fmedia&parent=2660"}],"wp:term":[{"taxonomy":"category","embeddable":true,"href":"http:\/\/www.lacas.be\/index.php?rest_route=%2Fwp%2Fv2%2Fcategories&post=2660"},{"taxonomy":"post_tag","embeddable":true,"href":"http:\/\/www.lacas.be\/index.php?rest_route=%2Fwp%2Fv2%2Ftags&post=2660"}],"curies":[{"name":"wp","href":"https:\/\/api.w.org\/{rel}","templated":true}]}}