{"id":2644,"date":"2014-09-08T08:13:46","date_gmt":"2014-09-08T08:13:46","guid":{"rendered":"http:\/\/www.lacas.be\/?p=2644"},"modified":"2014-09-08T08:13:46","modified_gmt":"2014-09-08T08:13:46","slug":"esprit-recup","status":"publish","type":"post","link":"http:\/\/www.lacas.be\/?p=2644","title":{"rendered":"Esprit r\u00e9cup !"},"content":{"rendered":"<p>Dans le style \u00ab\u00a0esprit r\u00e9cup\u00a0\u00bb, voici une utilisation d&rsquo; \u00e9pices &#8230; p\u00e9rim\u00e9es &#8230; ici, du piment d&rsquo;Espelette qui tra\u00eenait dans un coin de mon armoire depuis un certain temps, pour ne pas dire un temps certain &#8230; !!! Mais avec du poivre noir en grains, \u00e7a pourrait \u00eatre bien aussi !!!<\/p>\n<p>J&rsquo;ai donc \u00ab\u00a0enferm\u00e9 \u00a0\u00bb cette \u00e9pice dans des petits sachets de papier calque &#8230;<\/p>\n<p><a href=\"http:\/\/www.lacas.be\/wp-content\/uploads\/2014\/09\/07-09-2014-044.jpg\"><img loading=\"lazy\" decoding=\"async\" class=\"alignnone size-medium wp-image-2647\" src=\"http:\/\/www.lacas.be\/wp-content\/uploads\/2014\/09\/07-09-2014-044-300x200.jpg\" alt=\"07-09-2014 044\" width=\"300\" height=\"200\" srcset=\"http:\/\/www.lacas.be\/wp-content\/uploads\/2014\/09\/07-09-2014-044-300x200.jpg 300w, http:\/\/www.lacas.be\/wp-content\/uploads\/2014\/09\/07-09-2014-044-1024x685.jpg 1024w\" sizes=\"auto, (max-width: 300px) 100vw, 300px\" \/><\/a> <a href=\"http:\/\/www.lacas.be\/wp-content\/uploads\/2014\/09\/07-09-2014-047.jpg\"><img loading=\"lazy\" decoding=\"async\" class=\"alignnone size-medium wp-image-2648\" src=\"http:\/\/www.lacas.be\/wp-content\/uploads\/2014\/09\/07-09-2014-047-300x200.jpg\" alt=\"07-09-2014 047\" width=\"300\" height=\"200\" srcset=\"http:\/\/www.lacas.be\/wp-content\/uploads\/2014\/09\/07-09-2014-047-300x200.jpg 300w, http:\/\/www.lacas.be\/wp-content\/uploads\/2014\/09\/07-09-2014-047-1024x685.jpg 1024w\" sizes=\"auto, (max-width: 300px) 100vw, 300px\" \/><\/a><\/p>\n<p>pour en faire de petits sujets de d\u00e9co &#8230; avec mes derni\u00e8res fleurs de lavande et une plume \u00e9gar\u00e9e sur mon transat !! Dommage que les photos ne refl\u00e8tent pas la transparence du support \u00a0 \ud83d\ude41<\/p>\n<p><a href=\"http:\/\/www.lacas.be\/wp-content\/uploads\/2014\/09\/07-09-2014-052.jpg\"><img loading=\"lazy\" decoding=\"async\" class=\"alignnone size-medium wp-image-2645\" src=\"http:\/\/www.lacas.be\/wp-content\/uploads\/2014\/09\/07-09-2014-052-300x200.jpg\" alt=\"07-09-2014 052\" width=\"300\" height=\"200\" srcset=\"http:\/\/www.lacas.be\/wp-content\/uploads\/2014\/09\/07-09-2014-052-300x200.jpg 300w, http:\/\/www.lacas.be\/wp-content\/uploads\/2014\/09\/07-09-2014-052-1024x685.jpg 1024w\" sizes=\"auto, (max-width: 300px) 100vw, 300px\" \/><\/a> <a href=\"http:\/\/www.lacas.be\/wp-content\/uploads\/2014\/09\/07-09-2014-058.jpg\"><img loading=\"lazy\" decoding=\"async\" class=\"alignnone size-medium wp-image-2646\" src=\"http:\/\/www.lacas.be\/wp-content\/uploads\/2014\/09\/07-09-2014-058-300x200.jpg\" alt=\"07-09-2014 058\" width=\"300\" height=\"200\" srcset=\"http:\/\/www.lacas.be\/wp-content\/uploads\/2014\/09\/07-09-2014-058-300x200.jpg 300w, http:\/\/www.lacas.be\/wp-content\/uploads\/2014\/09\/07-09-2014-058-1024x685.jpg 1024w\" sizes=\"auto, (max-width: 300px) 100vw, 300px\" \/><\/a><\/p>\n<p>Et le reste du pot a atterri dans une belle coupe cisel\u00e9e o\u00f9 se trouve une bougie, de quoi \u00e9clairer les longues soir\u00e9es d&rsquo;hiver (qui le seront peut \u00eatre plus que d&rsquo;habitude vu que chez nous, le black out pourrait \u00eatre d&rsquo;actualit\u00e9s &#8230; on verra bien !)<\/p>\n<p><a href=\"http:\/\/www.lacas.be\/wp-content\/uploads\/2014\/09\/07-09-2014-069.jpg\"><img loading=\"lazy\" decoding=\"async\" class=\"alignnone size-large wp-image-2649\" src=\"http:\/\/www.lacas.be\/wp-content\/uploads\/2014\/09\/07-09-2014-069-1024x685.jpg\" alt=\"07-09-2014 069\" width=\"700\" height=\"468\" srcset=\"http:\/\/www.lacas.be\/wp-content\/uploads\/2014\/09\/07-09-2014-069-1024x685.jpg 1024w, http:\/\/www.lacas.be\/wp-content\/uploads\/2014\/09\/07-09-2014-069-300x200.jpg 300w\" sizes=\"auto, (max-width: 700px) 100vw, 700px\" \/><\/a><\/p>\n<p>L&rsquo;automne approche \u00e0 grands pas,\u00a0 les feuilles mortes qui gisent sur le sol nous le rappellent pr\u00e9cocement &#8230;<\/p>\n<p><a href=\"http:\/\/www.lacas.be\/wp-content\/uploads\/2014\/09\/07-09-2014-070.jpg\"><img loading=\"lazy\" decoding=\"async\" class=\"alignnone size-large wp-image-2650\" src=\"http:\/\/www.lacas.be\/wp-content\/uploads\/2014\/09\/07-09-2014-070-1024x685.jpg\" alt=\"07-09-2014 070\" width=\"700\" height=\"468\" srcset=\"http:\/\/www.lacas.be\/wp-content\/uploads\/2014\/09\/07-09-2014-070-1024x685.jpg 1024w, http:\/\/www.lacas.be\/wp-content\/uploads\/2014\/09\/07-09-2014-070-300x200.jpg 300w\" sizes=\"auto, (max-width: 700px) 100vw, 700px\" \/><\/a><\/p>\n<p>Enfin, pour terminer ce post, une boite d&rsquo;allumettes habill\u00e9e de papier kraft imprim\u00e9 et d&rsquo;une fleur fa\u00e7on vintage (Hema) prise en photo dans le feuillage de mes pieds de lavande, histoire de se rappeler que l&rsquo;\u00e9t\u00e9 n&rsquo;est pas une utopie\u00a0 !!!<\/p>\n<p><a href=\"http:\/\/www.lacas.be\/wp-content\/uploads\/2014\/09\/07-09-2014-072.jpg\"><img loading=\"lazy\" decoding=\"async\" class=\"alignnone size-large wp-image-2652\" src=\"http:\/\/www.lacas.be\/wp-content\/uploads\/2014\/09\/07-09-2014-072-1024x685.jpg\" alt=\"07-09-2014 072\" width=\"700\" height=\"468\" srcset=\"http:\/\/www.lacas.be\/wp-content\/uploads\/2014\/09\/07-09-2014-072-1024x685.jpg 1024w, http:\/\/www.lacas.be\/wp-content\/uploads\/2014\/09\/07-09-2014-072-300x200.jpg 300w\" sizes=\"auto, (max-width: 700px) 100vw, 700px\" \/><\/a><\/p>\n<p>La fin de l&rsquo;\u00e9t\u00e9 rimant avec reprise des habitudes, je vous retrouve mercredi pour un autre post.<\/p>\n<p>Belle et douce semaine.<\/p>\n<p>&nbsp;<\/p>\n<p>&nbsp;<\/p>\n","protected":false},"excerpt":{"rendered":"<p>Dans le style \u00ab\u00a0esprit r\u00e9cup\u00a0\u00bb, voici une utilisation d&rsquo; \u00e9pices &#8230; p\u00e9rim\u00e9es &#8230; ici, du piment d&rsquo;Espelette qui tra\u00eenait dans un coin de mon armoire depuis un certain temps, pour ne pas dire un temps certain &#8230; !!! Mais avec &hellip; <a href=\"http:\/\/www.lacas.be\/?p=2644\">Continuer la lecture <span class=\"meta-nav\">&rarr;<\/span><\/a><\/p>\n","protected":false},"author":1,"featured_media":0,"comment_status":"open","ping_status":"open","sticky":false,"template":"","format":"standard","meta":{"footnotes":""},"categories":[1],"tags":[],"class_list":["post-2644","post","type-post","status-publish","format-standard","hentry","category-non-classe"],"_links":{"self":[{"href":"http:\/\/www.lacas.be\/index.php?rest_route=\/wp\/v2\/posts\/2644","targetHints":{"allow":["GET"]}}],"collection":[{"href":"http:\/\/www.lacas.be\/index.php?rest_route=\/wp\/v2\/posts"}],"about":[{"href":"http:\/\/www.lacas.be\/index.php?rest_route=\/wp\/v2\/types\/post"}],"author":[{"embeddable":true,"href":"http:\/\/www.lacas.be\/index.php?rest_route=\/wp\/v2\/users\/1"}],"replies":[{"embeddable":true,"href":"http:\/\/www.lacas.be\/index.php?rest_route=%2Fwp%2Fv2%2Fcomments&post=2644"}],"version-history":[{"count":6,"href":"http:\/\/www.lacas.be\/index.php?rest_route=\/wp\/v2\/posts\/2644\/revisions"}],"predecessor-version":[{"id":2659,"href":"http:\/\/www.lacas.be\/index.php?rest_route=\/wp\/v2\/posts\/2644\/revisions\/2659"}],"wp:attachment":[{"href":"http:\/\/www.lacas.be\/index.php?rest_route=%2Fwp%2Fv2%2Fmedia&parent=2644"}],"wp:term":[{"taxonomy":"category","embeddable":true,"href":"http:\/\/www.lacas.be\/index.php?rest_route=%2Fwp%2Fv2%2Fcategories&post=2644"},{"taxonomy":"post_tag","embeddable":true,"href":"http:\/\/www.lacas.be\/index.php?rest_route=%2Fwp%2Fv2%2Ftags&post=2644"}],"curies":[{"name":"wp","href":"https:\/\/api.w.org\/{rel}","templated":true}]}}