{"id":2495,"date":"2014-08-20T17:51:58","date_gmt":"2014-08-20T17:51:58","guid":{"rendered":"http:\/\/www.lacas.be\/?p=2495"},"modified":"2014-08-20T17:53:25","modified_gmt":"2014-08-20T17:53:25","slug":"25-roses","status":"publish","type":"post","link":"http:\/\/www.lacas.be\/?p=2495","title":{"rendered":"25 roses &#8230;"},"content":{"rendered":"<p>25 roses comme nos 25 ans de mariage &#8230; un super beau bouquet dont je vous livre ici une photo qui l&rsquo;immortalisera !<\/p>\n<p><a href=\"http:\/\/www.lacas.be\/wp-content\/uploads\/2014\/08\/20-08-2014-013.jpg\"><img loading=\"lazy\" decoding=\"async\" class=\"alignnone size-large wp-image-2496\" src=\"http:\/\/www.lacas.be\/wp-content\/uploads\/2014\/08\/20-08-2014-013-1024x685.jpg\" alt=\"20-08-2014 013\" width=\"700\" height=\"468\" srcset=\"http:\/\/www.lacas.be\/wp-content\/uploads\/2014\/08\/20-08-2014-013-1024x685.jpg 1024w, http:\/\/www.lacas.be\/wp-content\/uploads\/2014\/08\/20-08-2014-013-300x200.jpg 300w\" sizes=\"auto, (max-width: 700px) 100vw, 700px\" \/><\/a><\/p>\n<p>Dans la foul\u00e9e des\u00a0 souvenirs, j&rsquo;ai retir\u00e9 du cadre en verre o\u00f9 il tr\u00f4nait un parchemin d&rsquo;une dimension proche des A 3 r\u00e9alis\u00e9 par une de mes belles-soeurs \u00e0 l&rsquo;occasion de notre mariage et dont le texte a \u00e9t\u00e9 \u00e9crit par un \u00ab\u00a0auteur anonyme\u00a0\u00bb (mais dont nous avons perc\u00e9 l&rsquo;identit\u00e9 depuis bien longtemps !) &#8230; Un petit avant\/apr\u00e8s un petit lifting qui le modernise malgr\u00e9 les embellissements traditionnels (dentelles, boutons, plume).<\/p>\n<p><a href=\"http:\/\/www.lacas.be\/wp-content\/uploads\/2014\/08\/20-08-2014-009.jpg\"><img loading=\"lazy\" decoding=\"async\" class=\"alignnone size-large wp-image-2498\" src=\"http:\/\/www.lacas.be\/wp-content\/uploads\/2014\/08\/20-08-2014-009-685x1024.jpg\" alt=\"20-08-2014 009\" width=\"685\" height=\"1024\" srcset=\"http:\/\/www.lacas.be\/wp-content\/uploads\/2014\/08\/20-08-2014-009-685x1024.jpg 685w, http:\/\/www.lacas.be\/wp-content\/uploads\/2014\/08\/20-08-2014-009-200x300.jpg 200w\" sizes=\"auto, (max-width: 685px) 100vw, 685px\" \/><\/a><\/p>\n<p><a href=\"http:\/\/www.lacas.be\/wp-content\/uploads\/2014\/08\/20-08-2014-0221.jpg\"><img loading=\"lazy\" decoding=\"async\" class=\"alignnone size-large wp-image-2504\" src=\"http:\/\/www.lacas.be\/wp-content\/uploads\/2014\/08\/20-08-2014-0221-685x1024.jpg\" alt=\"20-08-2014 022\" width=\"685\" height=\"1024\" srcset=\"http:\/\/www.lacas.be\/wp-content\/uploads\/2014\/08\/20-08-2014-0221-685x1024.jpg 685w, http:\/\/www.lacas.be\/wp-content\/uploads\/2014\/08\/20-08-2014-0221-200x300.jpg 200w\" sizes=\"auto, (max-width: 685px) 100vw, 685px\" \/><\/a><\/p>\n<p>Ce beau souvenir a \u00e9t\u00e9 appos\u00e9 sur du carton ondul\u00e9, seul support assez grand dont je disposais &#8230; mais je suis satisfaite du r\u00e9sultat !<\/p>\n<p>Belle soir\u00e9e \u00e0 tous et toutes.<\/p>\n","protected":false},"excerpt":{"rendered":"<p>25 roses comme nos 25 ans de mariage &#8230; un super beau bouquet dont je vous livre ici une photo qui l&rsquo;immortalisera ! Dans la foul\u00e9e des\u00a0 souvenirs, j&rsquo;ai retir\u00e9 du cadre en verre o\u00f9 il tr\u00f4nait un parchemin d&rsquo;une &hellip; <a href=\"http:\/\/www.lacas.be\/?p=2495\">Continuer la lecture <span class=\"meta-nav\">&rarr;<\/span><\/a><\/p>\n","protected":false},"author":1,"featured_media":0,"comment_status":"open","ping_status":"open","sticky":false,"template":"","format":"standard","meta":{"footnotes":""},"categories":[1],"tags":[],"class_list":["post-2495","post","type-post","status-publish","format-standard","hentry","category-non-classe"],"_links":{"self":[{"href":"http:\/\/www.lacas.be\/index.php?rest_route=\/wp\/v2\/posts\/2495","targetHints":{"allow":["GET"]}}],"collection":[{"href":"http:\/\/www.lacas.be\/index.php?rest_route=\/wp\/v2\/posts"}],"about":[{"href":"http:\/\/www.lacas.be\/index.php?rest_route=\/wp\/v2\/types\/post"}],"author":[{"embeddable":true,"href":"http:\/\/www.lacas.be\/index.php?rest_route=\/wp\/v2\/users\/1"}],"replies":[{"embeddable":true,"href":"http:\/\/www.lacas.be\/index.php?rest_route=%2Fwp%2Fv2%2Fcomments&post=2495"}],"version-history":[{"count":4,"href":"http:\/\/www.lacas.be\/index.php?rest_route=\/wp\/v2\/posts\/2495\/revisions"}],"predecessor-version":[{"id":2506,"href":"http:\/\/www.lacas.be\/index.php?rest_route=\/wp\/v2\/posts\/2495\/revisions\/2506"}],"wp:attachment":[{"href":"http:\/\/www.lacas.be\/index.php?rest_route=%2Fwp%2Fv2%2Fmedia&parent=2495"}],"wp:term":[{"taxonomy":"category","embeddable":true,"href":"http:\/\/www.lacas.be\/index.php?rest_route=%2Fwp%2Fv2%2Fcategories&post=2495"},{"taxonomy":"post_tag","embeddable":true,"href":"http:\/\/www.lacas.be\/index.php?rest_route=%2Fwp%2Fv2%2Ftags&post=2495"}],"curies":[{"name":"wp","href":"https:\/\/api.w.org\/{rel}","templated":true}]}}