{"id":2450,"date":"2014-08-19T05:29:15","date_gmt":"2014-08-19T05:29:15","guid":{"rendered":"http:\/\/www.lacas.be\/?p=2450"},"modified":"2014-08-19T05:29:15","modified_gmt":"2014-08-19T05:29:15","slug":"des-poilus-a-la-drole-de-guerre","status":"publish","type":"post","link":"http:\/\/www.lacas.be\/?p=2450","title":{"rendered":"Des poilus \u00e0 la dr\u00f4le de guerre !"},"content":{"rendered":"<p>Petite escapade historique en famille durant ce long week-end du 15 ao\u00fbt.<\/p>\n<p>Passage oblig\u00e9 en cette ann\u00e9e du centenaire par Verdun, son ossuaire et sa citadelle souterraine &#8230;<\/p>\n<p><a href=\"http:\/\/www.lacas.be\/wp-content\/uploads\/2014\/08\/guerre-001.jpg\"><img loading=\"lazy\" decoding=\"async\" class=\"alignnone size-large wp-image-2456\" src=\"http:\/\/www.lacas.be\/wp-content\/uploads\/2014\/08\/guerre-001-1024x685.jpg\" alt=\"guerre 001\" width=\"700\" height=\"468\" srcset=\"http:\/\/www.lacas.be\/wp-content\/uploads\/2014\/08\/guerre-001-1024x685.jpg 1024w, http:\/\/www.lacas.be\/wp-content\/uploads\/2014\/08\/guerre-001-300x200.jpg 300w\" sizes=\"auto, (max-width: 700px) 100vw, 700px\" \/><\/a><\/p>\n<p><a href=\"http:\/\/www.lacas.be\/wp-content\/uploads\/2014\/08\/guerre-010.jpg\"><img loading=\"lazy\" decoding=\"async\" class=\"alignnone size-large wp-image-2457\" src=\"http:\/\/www.lacas.be\/wp-content\/uploads\/2014\/08\/guerre-010-1024x685.jpg\" alt=\"guerre 010\" width=\"700\" height=\"468\" srcset=\"http:\/\/www.lacas.be\/wp-content\/uploads\/2014\/08\/guerre-010-1024x685.jpg 1024w, http:\/\/www.lacas.be\/wp-content\/uploads\/2014\/08\/guerre-010-300x200.jpg 300w\" sizes=\"auto, (max-width: 700px) 100vw, 700px\" \/><\/a><\/p>\n<p><a href=\"http:\/\/www.lacas.be\/wp-content\/uploads\/2014\/08\/guerre-011.jpg\"><img loading=\"lazy\" decoding=\"async\" class=\"alignnone size-large wp-image-2458\" src=\"http:\/\/www.lacas.be\/wp-content\/uploads\/2014\/08\/guerre-011-1024x685.jpg\" alt=\"guerre 011\" width=\"700\" height=\"468\" srcset=\"http:\/\/www.lacas.be\/wp-content\/uploads\/2014\/08\/guerre-011-1024x685.jpg 1024w, http:\/\/www.lacas.be\/wp-content\/uploads\/2014\/08\/guerre-011-300x200.jpg 300w\" sizes=\"auto, (max-width: 700px) 100vw, 700px\" \/><\/a><\/p>\n<p><a href=\"http:\/\/www.lacas.be\/wp-content\/uploads\/2014\/08\/guerre-012.jpg\"><img loading=\"lazy\" decoding=\"async\" class=\"alignnone size-large wp-image-2483\" src=\"http:\/\/www.lacas.be\/wp-content\/uploads\/2014\/08\/guerre-012-1024x685.jpg\" alt=\"guerre 012\" width=\"700\" height=\"468\" srcset=\"http:\/\/www.lacas.be\/wp-content\/uploads\/2014\/08\/guerre-012-1024x685.jpg 1024w, http:\/\/www.lacas.be\/wp-content\/uploads\/2014\/08\/guerre-012-300x200.jpg 300w\" sizes=\"auto, (max-width: 700px) 100vw, 700px\" \/><\/a><\/p>\n<p><a href=\"http:\/\/www.lacas.be\/wp-content\/uploads\/2014\/08\/guerre-019.jpg\"><img loading=\"lazy\" decoding=\"async\" class=\"alignnone size-large wp-image-2459\" src=\"http:\/\/www.lacas.be\/wp-content\/uploads\/2014\/08\/guerre-019-685x1024.jpg\" alt=\"guerre 019\" width=\"685\" height=\"1024\" srcset=\"http:\/\/www.lacas.be\/wp-content\/uploads\/2014\/08\/guerre-019-685x1024.jpg 685w, http:\/\/www.lacas.be\/wp-content\/uploads\/2014\/08\/guerre-019-200x300.jpg 200w\" sizes=\"auto, (max-width: 685px) 100vw, 685px\" \/><\/a><\/p>\n<p>Puis, un (<del>grand<\/del>)d\u00e9tour par l&rsquo;ouvrage d&rsquo;Hackenberg sur la ligne Maginot (dans la r\u00e9gion de Thionville) o\u00f9 une visite de 3h00 par 7 degr\u00e9s dans les entrailles de la terre nous a litt\u00e9ralement captiv\u00e9e du fait d&rsquo;un guide particuli\u00e8rement en verve et ayant su attirer notre attention durant toute la visite (un peu longue, j&rsquo;en conviens mais il y avait tellement de choses \u00e0 dire, \u00e0 apprendre, \u00e0 d\u00e9couvrir &#8230;.). Un site historique que je vous recommande si vous aimez l&rsquo;histoire (ici , la guerre de 1940-1945) &#8230;. et passez dans le coin ! Mais chaussez-vous en cons\u00e9quence\u00a0 et portez des v\u00eatements chauds car les 3\/4\u00a0 de la visite se passent p\u00e9destrement ! Le reste s&rsquo;effectue en petit train d&rsquo;\u00e9poque.<\/p>\n<p><a href=\"http:\/\/www.lacas.be\/wp-content\/uploads\/2014\/08\/guerre-029.jpg\"><img loading=\"lazy\" decoding=\"async\" class=\"alignnone size-large wp-image-2482\" src=\"http:\/\/www.lacas.be\/wp-content\/uploads\/2014\/08\/guerre-029-1024x685.jpg\" alt=\"guerre 029\" width=\"700\" height=\"468\" srcset=\"http:\/\/www.lacas.be\/wp-content\/uploads\/2014\/08\/guerre-029-1024x685.jpg 1024w, http:\/\/www.lacas.be\/wp-content\/uploads\/2014\/08\/guerre-029-300x200.jpg 300w\" sizes=\"auto, (max-width: 700px) 100vw, 700px\" \/><\/a><\/p>\n<p><a href=\"http:\/\/www.lacas.be\/wp-content\/uploads\/2014\/08\/guerre-061.jpg\"><img loading=\"lazy\" decoding=\"async\" class=\"alignnone size-large wp-image-2485\" src=\"http:\/\/www.lacas.be\/wp-content\/uploads\/2014\/08\/guerre-061-1024x685.jpg\" alt=\"guerre 061\" width=\"700\" height=\"468\" srcset=\"http:\/\/www.lacas.be\/wp-content\/uploads\/2014\/08\/guerre-061-1024x685.jpg 1024w, http:\/\/www.lacas.be\/wp-content\/uploads\/2014\/08\/guerre-061-300x200.jpg 300w\" sizes=\"auto, (max-width: 700px) 100vw, 700px\" \/><\/a><\/p>\n<p><a href=\"http:\/\/www.lacas.be\/wp-content\/uploads\/2014\/08\/guerre-039.jpg\"><img loading=\"lazy\" decoding=\"async\" class=\"alignnone size-large wp-image-2463\" src=\"http:\/\/www.lacas.be\/wp-content\/uploads\/2014\/08\/guerre-039-1024x685.jpg\" alt=\"guerre 039\" width=\"700\" height=\"468\" srcset=\"http:\/\/www.lacas.be\/wp-content\/uploads\/2014\/08\/guerre-039-1024x685.jpg 1024w, http:\/\/www.lacas.be\/wp-content\/uploads\/2014\/08\/guerre-039-300x200.jpg 300w\" sizes=\"auto, (max-width: 700px) 100vw, 700px\" \/><\/a><\/p>\n<p>Cet ouvrage \u00e9tait op\u00e9rationnel en 1940 mais les soldats fran\u00e7ais ayant re\u00e7u l&rsquo;ordre de se rendre pr\u00e9matur\u00e9ment &#8230;,\u00a0 il a finalement \u00e9t\u00e9 occup\u00e9 par les allemands qui en ont fait une usine de guerre &#8230; et donc, hors la m\u00e9moire et le fait d&rsquo;avoir donn\u00e9 du travail pendant les 10 ans de sa construction aux autochtones, il n&rsquo;a pas servi ce \u00e0 quoi il \u00e9tait destin\u00e9, \u00e0 savoir retarder l&rsquo;avanc\u00e9e ennemie &#8230;.<\/p>\n<p><a href=\"http:\/\/www.lacas.be\/wp-content\/uploads\/2014\/08\/guerre-037.jpg\"><img loading=\"lazy\" decoding=\"async\" class=\"alignnone size-large wp-image-2461\" src=\"http:\/\/www.lacas.be\/wp-content\/uploads\/2014\/08\/guerre-037-1024x685.jpg\" alt=\"guerre 037\" width=\"700\" height=\"468\" srcset=\"http:\/\/www.lacas.be\/wp-content\/uploads\/2014\/08\/guerre-037-1024x685.jpg 1024w, http:\/\/www.lacas.be\/wp-content\/uploads\/2014\/08\/guerre-037-300x200.jpg 300w\" sizes=\"auto, (max-width: 700px) 100vw, 700px\" \/><\/a><\/p>\n<p>Cet ouvrage est un chef d&rsquo;oeuvre technique, a\u00e9ration avec filtrage, chaleur\/refroidissement et compression de l&rsquo;air entrant\/sortant, la clim \u00e9tait d\u00e9j\u00e0 invent\u00e9e !! 5 solutions en cas de coupure de courant \u00e9taient pr\u00e9vues, la derni\u00e8re extr\u00eame \u00e9tant de suivre les rails dans l&rsquo;obscurit\u00e9 la plus totale &#8230; sachant que ce fil d&rsquo;Ariane menait \u00e0 la sortie de n&rsquo;importe quel point que l&rsquo;on se trouve au sein de la construction.<\/p>\n<p><a href=\"http:\/\/www.lacas.be\/wp-content\/uploads\/2014\/08\/guerre-034.jpg\"><img loading=\"lazy\" decoding=\"async\" class=\"alignnone size-large wp-image-2486\" src=\"http:\/\/www.lacas.be\/wp-content\/uploads\/2014\/08\/guerre-034-1024x685.jpg\" alt=\"guerre 034\" width=\"700\" height=\"468\" srcset=\"http:\/\/www.lacas.be\/wp-content\/uploads\/2014\/08\/guerre-034-1024x685.jpg 1024w, http:\/\/www.lacas.be\/wp-content\/uploads\/2014\/08\/guerre-034-300x200.jpg 300w\" sizes=\"auto, (max-width: 700px) 100vw, 700px\" \/><\/a><\/p>\n<p><a href=\"http:\/\/www.lacas.be\/wp-content\/uploads\/2014\/08\/guerre-032.jpg\"><img loading=\"lazy\" decoding=\"async\" class=\"alignnone size-large wp-image-2469\" src=\"http:\/\/www.lacas.be\/wp-content\/uploads\/2014\/08\/guerre-032-1024x685.jpg\" alt=\"guerre 032\" width=\"700\" height=\"468\" srcset=\"http:\/\/www.lacas.be\/wp-content\/uploads\/2014\/08\/guerre-032-1024x685.jpg 1024w, http:\/\/www.lacas.be\/wp-content\/uploads\/2014\/08\/guerre-032-300x200.jpg 300w\" sizes=\"auto, (max-width: 700px) 100vw, 700px\" \/><\/a><\/p>\n<p>Ce h\u00e9risson fi\u00e8rement brandi par le guide ne servait pas \u00e0 ramoner les chemin\u00e9es mais &#8230; \u00e0 \u00eatre jet\u00e9 sur l&rsquo;ennemi, voire \u00e0 \u00eatre abandonn\u00e9 dans les tranch\u00e9es afin que les \u00ab\u00a0envahisseurs\u00a0\u00bb s&rsquo;y empalent &#8230;. Il para\u00eet que c&rsquo;\u00e9tait tr\u00e8s efficace &#8230;.<\/p>\n<p><a href=\"http:\/\/www.lacas.be\/wp-content\/uploads\/2014\/08\/guerre-046.jpg\"><img loading=\"lazy\" decoding=\"async\" class=\"alignnone size-large wp-image-2471\" src=\"http:\/\/www.lacas.be\/wp-content\/uploads\/2014\/08\/guerre-046-1024x685.jpg\" alt=\"guerre 046\" width=\"700\" height=\"468\" srcset=\"http:\/\/www.lacas.be\/wp-content\/uploads\/2014\/08\/guerre-046-1024x685.jpg 1024w, http:\/\/www.lacas.be\/wp-content\/uploads\/2014\/08\/guerre-046-300x200.jpg 300w\" sizes=\"auto, (max-width: 700px) 100vw, 700px\" \/><\/a><\/p>\n<p>Des rang\u00e9es de barbel\u00e9s avaient \u00e9t\u00e9 d\u00e9ploy\u00e9es tout le long de l&rsquo;ouvrage afin de retarder l&rsquo;avanc\u00e9e allemande.<\/p>\n<p><a href=\"http:\/\/www.lacas.be\/wp-content\/uploads\/2014\/08\/guerre-081.jpg\"><img loading=\"lazy\" decoding=\"async\" class=\"alignnone size-large wp-image-2462\" src=\"http:\/\/www.lacas.be\/wp-content\/uploads\/2014\/08\/guerre-081-1024x685.jpg\" alt=\"guerre 081\" width=\"700\" height=\"468\" srcset=\"http:\/\/www.lacas.be\/wp-content\/uploads\/2014\/08\/guerre-081-1024x685.jpg 1024w, http:\/\/www.lacas.be\/wp-content\/uploads\/2014\/08\/guerre-081-300x200.jpg 300w\" sizes=\"auto, (max-width: 700px) 100vw, 700px\" \/><\/a><\/p>\n<p>Une des tourelles vue de l&rsquo;ext\u00e9rieur qui avait une port\u00e9e de 6 kms (d&rsquo;autres de 12 kms existent sur le site mais tous les blocs n&rsquo;ont pu \u00eatre r\u00e9habilit\u00e9s pour cause de dangerosit\u00e9 des lieux).<\/p>\n<p><a href=\"http:\/\/www.lacas.be\/wp-content\/uploads\/2014\/08\/guerre-077.jpg\"><img loading=\"lazy\" decoding=\"async\" class=\"alignnone size-large wp-image-2464\" src=\"http:\/\/www.lacas.be\/wp-content\/uploads\/2014\/08\/guerre-077-1024x685.jpg\" alt=\"guerre 077\" width=\"700\" height=\"468\" srcset=\"http:\/\/www.lacas.be\/wp-content\/uploads\/2014\/08\/guerre-077-1024x685.jpg 1024w, http:\/\/www.lacas.be\/wp-content\/uploads\/2014\/08\/guerre-077-300x200.jpg 300w\" sizes=\"auto, (max-width: 700px) 100vw, 700px\" \/><\/a><\/p>\n<p><a href=\"http:\/\/www.lacas.be\/wp-content\/uploads\/2014\/08\/guerre-076.jpg\"><img loading=\"lazy\" decoding=\"async\" class=\"alignnone size-large wp-image-2484\" src=\"http:\/\/www.lacas.be\/wp-content\/uploads\/2014\/08\/guerre-076-1024x685.jpg\" alt=\"guerre 076\" width=\"700\" height=\"468\" srcset=\"http:\/\/www.lacas.be\/wp-content\/uploads\/2014\/08\/guerre-076-1024x685.jpg 1024w, http:\/\/www.lacas.be\/wp-content\/uploads\/2014\/08\/guerre-076-300x200.jpg 300w\" sizes=\"auto, (max-width: 700px) 100vw, 700px\" \/><\/a><\/p>\n<p>Enfin, je vous livre ici le recto-verso de deux cartes postales originales et familiales de 1916-1917.\u00a0 Ceux qui parviendront \u00e0 lire le texte verront entre autres que le narrateur ne manque pas d&rsquo;humour puisqu&rsquo;il parle de \u00ab\u00a0partir en voyage 99 jours, ce qui ne manquera pas de perturber sa correspondance\u00a0\u00bb &#8230;. H\u00e9 oui, la censure militaire \u00e9tait ce qu&rsquo;elle \u00e9tait &#8230;<\/p>\n<p><a href=\"http:\/\/www.lacas.be\/wp-content\/uploads\/2014\/08\/guerre-002.jpg\"><img loading=\"lazy\" decoding=\"async\" class=\"alignnone size-large wp-image-2475\" src=\"http:\/\/www.lacas.be\/wp-content\/uploads\/2014\/08\/guerre-002-1024x685.jpg\" alt=\"guerre 002\" width=\"700\" height=\"468\" srcset=\"http:\/\/www.lacas.be\/wp-content\/uploads\/2014\/08\/guerre-002-1024x685.jpg 1024w, http:\/\/www.lacas.be\/wp-content\/uploads\/2014\/08\/guerre-002-300x200.jpg 300w\" sizes=\"auto, (max-width: 700px) 100vw, 700px\" \/><\/a><\/p>\n<p><a href=\"http:\/\/www.lacas.be\/wp-content\/uploads\/2014\/08\/guerre-005.jpg\"><img loading=\"lazy\" decoding=\"async\" class=\"size-medium wp-image-2478 alignleft\" src=\"http:\/\/www.lacas.be\/wp-content\/uploads\/2014\/08\/guerre-005-200x300.jpg\" alt=\"guerre 005\" width=\"200\" height=\"300\" srcset=\"http:\/\/www.lacas.be\/wp-content\/uploads\/2014\/08\/guerre-005-200x300.jpg 200w, http:\/\/www.lacas.be\/wp-content\/uploads\/2014\/08\/guerre-005-685x1024.jpg 685w\" sizes=\"auto, (max-width: 200px) 100vw, 200px\" \/><\/a>\u00a0 \u00a0 <a href=\"http:\/\/www.lacas.be\/wp-content\/uploads\/2014\/08\/guerre-004.jpg\"><img loading=\"lazy\" decoding=\"async\" class=\"alignnone size-medium wp-image-2477\" src=\"http:\/\/www.lacas.be\/wp-content\/uploads\/2014\/08\/guerre-004-200x300.jpg\" alt=\"guerre 004\" width=\"200\" height=\"300\" srcset=\"http:\/\/www.lacas.be\/wp-content\/uploads\/2014\/08\/guerre-004-200x300.jpg 200w, http:\/\/www.lacas.be\/wp-content\/uploads\/2014\/08\/guerre-004-685x1024.jpg 685w\" sizes=\"auto, (max-width: 200px) 100vw, 200px\" \/><\/a><\/p>\n<p>Sur ce post un peu plus long que d&rsquo;habitude &#8230;. mais il est bon parfois de se souvenir de notre pass\u00e9 pour mieux appr\u00e9hender le pr\u00e9sent,\u00a0 je vous souhaite une belle semaine !<\/p>\n","protected":false},"excerpt":{"rendered":"<p>Petite escapade historique en famille durant ce long week-end du 15 ao\u00fbt. Passage oblig\u00e9 en cette ann\u00e9e du centenaire par Verdun, son ossuaire et sa citadelle souterraine &#8230; Puis, un (grand)d\u00e9tour par l&rsquo;ouvrage d&rsquo;Hackenberg sur la ligne Maginot (dans la &hellip; <a href=\"http:\/\/www.lacas.be\/?p=2450\">Continuer la lecture <span class=\"meta-nav\">&rarr;<\/span><\/a><\/p>\n","protected":false},"author":1,"featured_media":0,"comment_status":"open","ping_status":"open","sticky":false,"template":"","format":"standard","meta":{"footnotes":""},"categories":[3],"tags":[],"class_list":["post-2450","post","type-post","status-publish","format-standard","hentry","category-decouvertes"],"_links":{"self":[{"href":"http:\/\/www.lacas.be\/index.php?rest_route=\/wp\/v2\/posts\/2450","targetHints":{"allow":["GET"]}}],"collection":[{"href":"http:\/\/www.lacas.be\/index.php?rest_route=\/wp\/v2\/posts"}],"about":[{"href":"http:\/\/www.lacas.be\/index.php?rest_route=\/wp\/v2\/types\/post"}],"author":[{"embeddable":true,"href":"http:\/\/www.lacas.be\/index.php?rest_route=\/wp\/v2\/users\/1"}],"replies":[{"embeddable":true,"href":"http:\/\/www.lacas.be\/index.php?rest_route=%2Fwp%2Fv2%2Fcomments&post=2450"}],"version-history":[{"count":14,"href":"http:\/\/www.lacas.be\/index.php?rest_route=\/wp\/v2\/posts\/2450\/revisions"}],"predecessor-version":[{"id":2494,"href":"http:\/\/www.lacas.be\/index.php?rest_route=\/wp\/v2\/posts\/2450\/revisions\/2494"}],"wp:attachment":[{"href":"http:\/\/www.lacas.be\/index.php?rest_route=%2Fwp%2Fv2%2Fmedia&parent=2450"}],"wp:term":[{"taxonomy":"category","embeddable":true,"href":"http:\/\/www.lacas.be\/index.php?rest_route=%2Fwp%2Fv2%2Fcategories&post=2450"},{"taxonomy":"post_tag","embeddable":true,"href":"http:\/\/www.lacas.be\/index.php?rest_route=%2Fwp%2Fv2%2Ftags&post=2450"}],"curies":[{"name":"wp","href":"https:\/\/api.w.org\/{rel}","templated":true}]}}