{"id":2323,"date":"2014-07-27T16:47:50","date_gmt":"2014-07-27T16:47:50","guid":{"rendered":"http:\/\/www.lacas.be\/?p=2323"},"modified":"2014-07-27T17:03:27","modified_gmt":"2014-07-27T17:03:27","slug":"travailleuse-dantan","status":"publish","type":"post","link":"http:\/\/www.lacas.be\/?p=2323","title":{"rendered":"Travailleuse d&rsquo;antan !"},"content":{"rendered":"<p>Trouv\u00e9 sur une brocante \u00e0 un prix brad\u00e9 (apr\u00e8s n\u00e9gociation quand m\u00eame !!), cette travailleuse en bois sur pied qui me servira pour ranger mes petites affaires de broderie &#8230; <a href=\"http:\/\/www.lacas.be\/wp-content\/uploads\/2014\/07\/27-07-2014-020.jpg\"><img loading=\"lazy\" decoding=\"async\" class=\"alignnone size-medium wp-image-2329\" src=\"http:\/\/www.lacas.be\/wp-content\/uploads\/2014\/07\/27-07-2014-020-300x200.jpg\" alt=\"27-07-2014 020\" width=\"300\" height=\"200\" srcset=\"http:\/\/www.lacas.be\/wp-content\/uploads\/2014\/07\/27-07-2014-020-300x200.jpg 300w, http:\/\/www.lacas.be\/wp-content\/uploads\/2014\/07\/27-07-2014-020-1024x685.jpg 1024w\" sizes=\"auto, (max-width: 300px) 100vw, 300px\" \/><\/a><\/p>\n<p>Les charni\u00e8res sont neuves. L&rsquo;anse en m\u00e9tal qui d\u00e9tonnait dans l&rsquo;ensemble a \u00e9t\u00e9 enlev\u00e9e.<\/p>\n<p><a href=\"http:\/\/www.lacas.be\/wp-content\/uploads\/2014\/07\/27-07-2014-003.jpg\"><img loading=\"lazy\" decoding=\"async\" class=\"alignnone size-large wp-image-2326\" src=\"http:\/\/www.lacas.be\/wp-content\/uploads\/2014\/07\/27-07-2014-003-1024x685.jpg\" alt=\"27-07-2014 003\" width=\"700\" height=\"468\" srcset=\"http:\/\/www.lacas.be\/wp-content\/uploads\/2014\/07\/27-07-2014-003-1024x685.jpg 1024w, http:\/\/www.lacas.be\/wp-content\/uploads\/2014\/07\/27-07-2014-003-300x200.jpg 300w\" sizes=\"auto, (max-width: 700px) 100vw, 700px\" \/><\/a><\/p>\n<p>Pour l&rsquo;instant, cette boite \u00e0 couture est en cours de r\u00e9novation. Les sous-couches sont mises, de m\u00eame qu&rsquo;une couche de couleur sur l&rsquo;ext\u00e9rieur &#8230;. mais il reste encore pas mal de travail (peinture, vitrification, finitions entre autres, \u00e0 l&rsquo;int\u00e9rieur, dans les endroits difficilement accessibles, camouflage des traces de charni\u00e8res et petit pon\u00e7age pour un effet vieilli dans les ar\u00eates)&#8230;. bref, largement de quoi occuper mes prochaines soir\u00e9es !!! Mais voici d\u00e9j\u00e0 en primeur une photo qui donne une id\u00e9e du relookage.<\/p>\n<p><a href=\"http:\/\/www.lacas.be\/wp-content\/uploads\/2014\/07\/27-07-2014-007.jpg\"><img loading=\"lazy\" decoding=\"async\" class=\"alignnone size-large wp-image-2328\" src=\"http:\/\/www.lacas.be\/wp-content\/uploads\/2014\/07\/27-07-2014-007-685x1024.jpg\" alt=\"27-07-2014 007\" width=\"685\" height=\"1024\" srcset=\"http:\/\/www.lacas.be\/wp-content\/uploads\/2014\/07\/27-07-2014-007-685x1024.jpg 685w, http:\/\/www.lacas.be\/wp-content\/uploads\/2014\/07\/27-07-2014-007-200x300.jpg 200w\" sizes=\"auto, (max-width: 685px) 100vw, 685px\" \/><\/a><\/p>\n<p>J&rsquo;oubliais, une plaquette\u00a0 de marque \u00ab\u00a0tork\u00a0\u00bb y est appos\u00e9e sur un c\u00f4t\u00e9.<\/p>\n<p><a href=\"http:\/\/www.lacas.be\/wp-content\/uploads\/2014\/07\/27-07-2014-022.jpg\"><img loading=\"lazy\" decoding=\"async\" class=\"alignnone size-large wp-image-2335\" src=\"http:\/\/www.lacas.be\/wp-content\/uploads\/2014\/07\/27-07-2014-022-1024x685.jpg\" alt=\"27-07-2014 022\" width=\"700\" height=\"468\" srcset=\"http:\/\/www.lacas.be\/wp-content\/uploads\/2014\/07\/27-07-2014-022-1024x685.jpg 1024w, http:\/\/www.lacas.be\/wp-content\/uploads\/2014\/07\/27-07-2014-022-300x200.jpg 300w\" sizes=\"auto, (max-width: 700px) 100vw, 700px\" \/><\/a><\/p>\n<p>Davantage de photos lorsque cette \u00ab\u00a0travailleuse\u00a0\u00bb reprendra du service dans mon salon &#8230;. Cet espace de rangement est assez vaste pour y d\u00e9poser canevas, revues, cotons&#8230;.. avec ses 6 tiroirs de 30&#215;25 x6 cms&#8230;. il y a de quoi faire !!!<\/p>\n<p>En attendant, bonne semaine \u00e0 tous et toutes.<\/p>\n","protected":false},"excerpt":{"rendered":"<p>Trouv\u00e9 sur une brocante \u00e0 un prix brad\u00e9 (apr\u00e8s n\u00e9gociation quand m\u00eame !!), cette travailleuse en bois sur pied qui me servira pour ranger mes petites affaires de broderie &#8230; Les charni\u00e8res sont neuves. L&rsquo;anse en m\u00e9tal qui d\u00e9tonnait dans &hellip; <a href=\"http:\/\/www.lacas.be\/?p=2323\">Continuer la lecture <span class=\"meta-nav\">&rarr;<\/span><\/a><\/p>\n","protected":false},"author":1,"featured_media":0,"comment_status":"open","ping_status":"open","sticky":false,"template":"","format":"standard","meta":{"footnotes":""},"categories":[1],"tags":[],"class_list":["post-2323","post","type-post","status-publish","format-standard","hentry","category-non-classe"],"_links":{"self":[{"href":"http:\/\/www.lacas.be\/index.php?rest_route=\/wp\/v2\/posts\/2323","targetHints":{"allow":["GET"]}}],"collection":[{"href":"http:\/\/www.lacas.be\/index.php?rest_route=\/wp\/v2\/posts"}],"about":[{"href":"http:\/\/www.lacas.be\/index.php?rest_route=\/wp\/v2\/types\/post"}],"author":[{"embeddable":true,"href":"http:\/\/www.lacas.be\/index.php?rest_route=\/wp\/v2\/users\/1"}],"replies":[{"embeddable":true,"href":"http:\/\/www.lacas.be\/index.php?rest_route=%2Fwp%2Fv2%2Fcomments&post=2323"}],"version-history":[{"count":8,"href":"http:\/\/www.lacas.be\/index.php?rest_route=\/wp\/v2\/posts\/2323\/revisions"}],"predecessor-version":[{"id":2339,"href":"http:\/\/www.lacas.be\/index.php?rest_route=\/wp\/v2\/posts\/2323\/revisions\/2339"}],"wp:attachment":[{"href":"http:\/\/www.lacas.be\/index.php?rest_route=%2Fwp%2Fv2%2Fmedia&parent=2323"}],"wp:term":[{"taxonomy":"category","embeddable":true,"href":"http:\/\/www.lacas.be\/index.php?rest_route=%2Fwp%2Fv2%2Fcategories&post=2323"},{"taxonomy":"post_tag","embeddable":true,"href":"http:\/\/www.lacas.be\/index.php?rest_route=%2Fwp%2Fv2%2Ftags&post=2323"}],"curies":[{"name":"wp","href":"https:\/\/api.w.org\/{rel}","templated":true}]}}