{"id":2099,"date":"2014-06-15T16:46:21","date_gmt":"2014-06-15T16:46:21","guid":{"rendered":"http:\/\/www.lacas.be\/?p=2099"},"modified":"2014-06-15T16:46:21","modified_gmt":"2014-06-15T16:46:21","slug":"bouquets-fleuris","status":"publish","type":"post","link":"http:\/\/www.lacas.be\/?p=2099","title":{"rendered":"Bouquets fleuris"},"content":{"rendered":"<p>Ces petits bouquets fleuris pour vous souhaiter \u00e0 tous et toutes une belle, douce et sereine semaine ! Que votre vie, active ou non, vous comble de satisfactions, de petits et grands bonheurs &#8230; et une petite pens\u00e9e au passage \u00e0 tous les \u00e9tudiants qui peinent et travaillent \u00ab\u00a0\u00e0 fond les manettes \u00a0\u00bb depuis le d\u00e9but du mois &#8230; bon succ\u00e8s \u00e0 tous !<\/p>\n<p>Tout d&rsquo;abord, mes pieds de lavande et de lavandin plant\u00e9s dans le talus de notre cour :<\/p>\n<p><a href=\"http:\/\/www.lacas.be\/wp-content\/uploads\/2014\/06\/15-06-2014-004.jpg\"><img loading=\"lazy\" decoding=\"async\" class=\"alignnone size-large wp-image-2100\" src=\"http:\/\/www.lacas.be\/wp-content\/uploads\/2014\/06\/15-06-2014-004-1024x685.jpg\" alt=\"15-06-2014 004\" width=\"700\" height=\"468\" srcset=\"http:\/\/www.lacas.be\/wp-content\/uploads\/2014\/06\/15-06-2014-004-1024x685.jpg 1024w, http:\/\/www.lacas.be\/wp-content\/uploads\/2014\/06\/15-06-2014-004-300x200.jpg 300w\" sizes=\"auto, (max-width: 700px) 100vw, 700px\" \/><\/a> <a href=\"http:\/\/www.lacas.be\/wp-content\/uploads\/2014\/06\/15-06-2014-005.jpg\"><img loading=\"lazy\" decoding=\"async\" class=\"alignnone size-large wp-image-2101\" src=\"http:\/\/www.lacas.be\/wp-content\/uploads\/2014\/06\/15-06-2014-005-1024x685.jpg\" alt=\"15-06-2014 005\" width=\"700\" height=\"468\" srcset=\"http:\/\/www.lacas.be\/wp-content\/uploads\/2014\/06\/15-06-2014-005-1024x685.jpg 1024w, http:\/\/www.lacas.be\/wp-content\/uploads\/2014\/06\/15-06-2014-005-300x200.jpg 300w\" sizes=\"auto, (max-width: 700px) 100vw, 700px\" \/><\/a> <a href=\"http:\/\/www.lacas.be\/wp-content\/uploads\/2014\/06\/15-06-2014-006.jpg\"><img loading=\"lazy\" decoding=\"async\" class=\"alignnone size-large wp-image-2102\" src=\"http:\/\/www.lacas.be\/wp-content\/uploads\/2014\/06\/15-06-2014-006-1024x685.jpg\" alt=\"15-06-2014 006\" width=\"700\" height=\"468\" srcset=\"http:\/\/www.lacas.be\/wp-content\/uploads\/2014\/06\/15-06-2014-006-1024x685.jpg 1024w, http:\/\/www.lacas.be\/wp-content\/uploads\/2014\/06\/15-06-2014-006-300x200.jpg 300w\" sizes=\"auto, (max-width: 700px) 100vw, 700px\" \/><\/a> <a href=\"http:\/\/www.lacas.be\/wp-content\/uploads\/2014\/06\/15-06-2014-007.jpg\"><img loading=\"lazy\" decoding=\"async\" class=\"alignnone size-large wp-image-2103\" src=\"http:\/\/www.lacas.be\/wp-content\/uploads\/2014\/06\/15-06-2014-007-1024x685.jpg\" alt=\"15-06-2014 007\" width=\"700\" height=\"468\" srcset=\"http:\/\/www.lacas.be\/wp-content\/uploads\/2014\/06\/15-06-2014-007-1024x685.jpg 1024w, http:\/\/www.lacas.be\/wp-content\/uploads\/2014\/06\/15-06-2014-007-300x200.jpg 300w\" sizes=\"auto, (max-width: 700px) 100vw, 700px\" \/><\/a><\/p>\n<p>J&rsquo;ai d\u00e9j\u00e0 r\u00e9colt\u00e9 une petite brass\u00e9e de lavande qui s\u00e9chera dans ma salle \u00e0 manger et qui sera destin\u00e9e \u00e0 \u00ab\u00a0fourrer\u00a0\u00bb de petits sachets en automne. J&rsquo;ai ajout\u00e9 deux plumes authentiques d&rsquo;oiseaux trouv\u00e9es dans mon jardin pour un effet original\u00a0 et je l&rsquo;avoue, quelque peu d\u00e9cal\u00e9 par rapport \u00e0 toute la symbolique de la lavande (ben oui, pour nous nordistes, cette plante est synonyme de Provence, Sud, vacances pour les plus chanceux d&rsquo;entre nous &#8230;)<\/p>\n<p><a href=\"http:\/\/www.lacas.be\/wp-content\/uploads\/2014\/06\/15-06-2014-003.jpg\"><img loading=\"lazy\" decoding=\"async\" class=\"alignnone size-large wp-image-2106\" src=\"http:\/\/www.lacas.be\/wp-content\/uploads\/2014\/06\/15-06-2014-003-685x1024.jpg\" alt=\"15-06-2014 003\" width=\"685\" height=\"1024\" srcset=\"http:\/\/www.lacas.be\/wp-content\/uploads\/2014\/06\/15-06-2014-003-685x1024.jpg 685w, http:\/\/www.lacas.be\/wp-content\/uploads\/2014\/06\/15-06-2014-003-200x300.jpg 200w\" sizes=\"auto, (max-width: 685px) 100vw, 685px\" \/><\/a><\/p>\n<p>Enfin, les deux seules pot\u00e9es de notre maison qui embellissent la cour arri\u00e8re &#8230; Oui, l&rsquo;an prochain, je le promets, on fera mieux ! Mais bon, les fleurs, c&rsquo;est bien mais pour qu&rsquo;elles soient belles et florissantes, cela demande du temps, de l&rsquo;arrosage et de la motivation (bref, tout ce dont je ne dispose pas personnellement pour l&rsquo;instant et que je me contente d&rsquo;admirer sur les fa\u00e7ades des autres maisons !!! \ud83d\ude42 )<\/p>\n<p><a href=\"http:\/\/www.lacas.be\/wp-content\/uploads\/2014\/06\/15-06-2014-011.jpg\"><img loading=\"lazy\" decoding=\"async\" class=\"alignnone size-large wp-image-2105\" src=\"http:\/\/www.lacas.be\/wp-content\/uploads\/2014\/06\/15-06-2014-011-1024x685.jpg\" alt=\"15-06-2014 011\" width=\"700\" height=\"468\" srcset=\"http:\/\/www.lacas.be\/wp-content\/uploads\/2014\/06\/15-06-2014-011-1024x685.jpg 1024w, http:\/\/www.lacas.be\/wp-content\/uploads\/2014\/06\/15-06-2014-011-300x200.jpg 300w\" sizes=\"auto, (max-width: 700px) 100vw, 700px\" \/><\/a><\/p>\n<p><a href=\"http:\/\/www.lacas.be\/wp-content\/uploads\/2014\/06\/15-06-2014-008.jpg\"><img loading=\"lazy\" decoding=\"async\" class=\"alignnone size-large wp-image-2104\" src=\"http:\/\/www.lacas.be\/wp-content\/uploads\/2014\/06\/15-06-2014-008-1024x685.jpg\" alt=\"15-06-2014 008\" width=\"700\" height=\"468\" srcset=\"http:\/\/www.lacas.be\/wp-content\/uploads\/2014\/06\/15-06-2014-008-1024x685.jpg 1024w, http:\/\/www.lacas.be\/wp-content\/uploads\/2014\/06\/15-06-2014-008-300x200.jpg 300w\" sizes=\"auto, (max-width: 700px) 100vw, 700px\" \/><\/a><\/p>\n<p>Le fond de ces photos est constitu\u00e9 par des pierres r\u00e9gionales qui fondent nos murs ext\u00e9rieurs et murets. Je ne\u00a0 les \u00e9changerais pour rien au monde, elles sont au moins centenaires et font partie de notre patrimoine historique (pour m\u00e9moire, je vis dans les Ardennes Belges !).<\/p>\n<p>J&rsquo;en profite pour saluer bien affectueusement les Romanais qui me suivent fid\u00e8lement\u00a0 depuis longtemps.<\/p>\n<p>Bien \u00e0 vous.<\/p>\n<p>&nbsp;<\/p>\n<p>&nbsp;<\/p>\n","protected":false},"excerpt":{"rendered":"<p>Ces petits bouquets fleuris pour vous souhaiter \u00e0 tous et toutes une belle, douce et sereine semaine ! Que votre vie, active ou non, vous comble de satisfactions, de petits et grands bonheurs &#8230; et une petite pens\u00e9e au passage &hellip; <a href=\"http:\/\/www.lacas.be\/?p=2099\">Continuer la lecture <span class=\"meta-nav\">&rarr;<\/span><\/a><\/p>\n","protected":false},"author":1,"featured_media":0,"comment_status":"open","ping_status":"open","sticky":false,"template":"","format":"standard","meta":{"footnotes":""},"categories":[3],"tags":[],"class_list":["post-2099","post","type-post","status-publish","format-standard","hentry","category-decouvertes"],"_links":{"self":[{"href":"http:\/\/www.lacas.be\/index.php?rest_route=\/wp\/v2\/posts\/2099","targetHints":{"allow":["GET"]}}],"collection":[{"href":"http:\/\/www.lacas.be\/index.php?rest_route=\/wp\/v2\/posts"}],"about":[{"href":"http:\/\/www.lacas.be\/index.php?rest_route=\/wp\/v2\/types\/post"}],"author":[{"embeddable":true,"href":"http:\/\/www.lacas.be\/index.php?rest_route=\/wp\/v2\/users\/1"}],"replies":[{"embeddable":true,"href":"http:\/\/www.lacas.be\/index.php?rest_route=%2Fwp%2Fv2%2Fcomments&post=2099"}],"version-history":[{"count":4,"href":"http:\/\/www.lacas.be\/index.php?rest_route=\/wp\/v2\/posts\/2099\/revisions"}],"predecessor-version":[{"id":2110,"href":"http:\/\/www.lacas.be\/index.php?rest_route=\/wp\/v2\/posts\/2099\/revisions\/2110"}],"wp:attachment":[{"href":"http:\/\/www.lacas.be\/index.php?rest_route=%2Fwp%2Fv2%2Fmedia&parent=2099"}],"wp:term":[{"taxonomy":"category","embeddable":true,"href":"http:\/\/www.lacas.be\/index.php?rest_route=%2Fwp%2Fv2%2Fcategories&post=2099"},{"taxonomy":"post_tag","embeddable":true,"href":"http:\/\/www.lacas.be\/index.php?rest_route=%2Fwp%2Fv2%2Ftags&post=2099"}],"curies":[{"name":"wp","href":"https:\/\/api.w.org\/{rel}","templated":true}]}}