{"id":2018,"date":"2014-06-02T08:04:59","date_gmt":"2014-06-02T08:04:59","guid":{"rendered":"http:\/\/www.lacas.be\/?p=2018"},"modified":"2014-06-02T08:04:59","modified_gmt":"2014-06-02T08:04:59","slug":"papeterie-et-cie","status":"publish","type":"post","link":"http:\/\/www.lacas.be\/?p=2018","title":{"rendered":"Papeterie et cie"},"content":{"rendered":"<p>Ayant \u00ab\u00a0h\u00e9rit\u00e9\u00a0\u00bb de mon papa de son stock de mat\u00e9riel destin\u00e9 \u00e0 la reliure de livres, cela fait un moment que je r\u00e9fl\u00e9chis \u00e0 une utilisation de ce papier l\u00e9g\u00e8rement plastifi\u00e9 et quelque peu rugueux. J&rsquo;ai confectionn\u00e9 quelques pochettes pour petits cadeaux sans avoir toutefois exploit\u00e9 toute la potentialit\u00e9 de cette papeterie &#8230; La muse est en effet capricieuse, elle d\u00e9barque comme un inconnu qui s&rsquo;invite sans qu&rsquo;on l&rsquo;attende &#8230;<\/p>\n<p><a href=\"http:\/\/www.lacas.be\/wp-content\/uploads\/2014\/06\/062.jpg\"><img loading=\"lazy\" decoding=\"async\" class=\"alignnone size-large wp-image-2021\" src=\"http:\/\/www.lacas.be\/wp-content\/uploads\/2014\/06\/062-1024x685.jpg\" alt=\"062\" width=\"700\" height=\"468\" srcset=\"http:\/\/www.lacas.be\/wp-content\/uploads\/2014\/06\/062-1024x685.jpg 1024w, http:\/\/www.lacas.be\/wp-content\/uploads\/2014\/06\/062-300x200.jpg 300w\" sizes=\"auto, (max-width: 700px) 100vw, 700px\" \/><\/a><\/p>\n<p>La cale en bois appliqu\u00e9e sur cet exemplaire permettra d&rsquo;inscrire le nom du (de la) destinataire ou d&rsquo;y apposer d&rsquo;autres d\u00e9cos en fonction des besoins.<\/p>\n<p><a href=\"http:\/\/www.lacas.be\/wp-content\/uploads\/2014\/06\/099.jpg\"><img loading=\"lazy\" decoding=\"async\" class=\"alignnone size-large wp-image-2041\" src=\"http:\/\/www.lacas.be\/wp-content\/uploads\/2014\/06\/099-1024x685.jpg\" alt=\"099\" width=\"700\" height=\"468\" srcset=\"http:\/\/www.lacas.be\/wp-content\/uploads\/2014\/06\/099-1024x685.jpg 1024w, http:\/\/www.lacas.be\/wp-content\/uploads\/2014\/06\/099-300x200.jpg 300w\" sizes=\"auto, (max-width: 700px) 100vw, 700px\" \/><\/a><\/p>\n<p>Certaines pochettes ont \u00e9t\u00e9 cousues \u00e0 la machine comme le montre la photo ci-dessous<\/p>\n<p><a href=\"http:\/\/www.lacas.be\/wp-content\/uploads\/2014\/06\/051.jpg\"><img loading=\"lazy\" decoding=\"async\" class=\"alignnone size-large wp-image-2036\" src=\"http:\/\/www.lacas.be\/wp-content\/uploads\/2014\/06\/051-1024x685.jpg\" alt=\"051\" width=\"700\" height=\"468\" srcset=\"http:\/\/www.lacas.be\/wp-content\/uploads\/2014\/06\/051-1024x685.jpg 1024w, http:\/\/www.lacas.be\/wp-content\/uploads\/2014\/06\/051-300x200.jpg 300w\" sizes=\"auto, (max-width: 700px) 100vw, 700px\" \/><\/a><\/p>\n<p>Et ici, la m\u00eame pochette mais apr\u00e8s quelques phases de customisation made in Lacas et en attente de distribution imminente, ce qui explique les bosses et \u00ab\u00a0cabosses\u00a0\u00bb visibles sur la photo !<\/p>\n<p><a href=\"http:\/\/www.lacas.be\/wp-content\/uploads\/2014\/06\/105.jpg\"><img loading=\"lazy\" decoding=\"async\" class=\"alignnone size-large wp-image-2047\" src=\"http:\/\/www.lacas.be\/wp-content\/uploads\/2014\/06\/105-1024x685.jpg\" alt=\"105\" width=\"700\" height=\"468\" srcset=\"http:\/\/www.lacas.be\/wp-content\/uploads\/2014\/06\/105-1024x685.jpg 1024w, http:\/\/www.lacas.be\/wp-content\/uploads\/2014\/06\/105-300x200.jpg 300w\" sizes=\"auto, (max-width: 700px) 100vw, 700px\" \/><\/a><\/p>\n<p>Et dans mon prunier, outre les prunes en devenir, il y a &#8230;.<\/p>\n<p><a href=\"http:\/\/www.lacas.be\/wp-content\/uploads\/2014\/06\/078.jpg\"><img loading=\"lazy\" decoding=\"async\" class=\"alignnone size-large wp-image-2028\" src=\"http:\/\/www.lacas.be\/wp-content\/uploads\/2014\/06\/078-1024x685.jpg\" alt=\"078\" width=\"700\" height=\"468\" srcset=\"http:\/\/www.lacas.be\/wp-content\/uploads\/2014\/06\/078-1024x685.jpg 1024w, http:\/\/www.lacas.be\/wp-content\/uploads\/2014\/06\/078-300x200.jpg 300w\" sizes=\"auto, (max-width: 700px) 100vw, 700px\" \/><\/a><\/p>\n<p><a href=\"http:\/\/www.lacas.be\/wp-content\/uploads\/2014\/06\/077.jpg\"><img loading=\"lazy\" decoding=\"async\" class=\"alignnone size-large wp-image-2027\" src=\"http:\/\/www.lacas.be\/wp-content\/uploads\/2014\/06\/077-685x1024.jpg\" alt=\"077\" width=\"685\" height=\"1024\" srcset=\"http:\/\/www.lacas.be\/wp-content\/uploads\/2014\/06\/077-685x1024.jpg 685w, http:\/\/www.lacas.be\/wp-content\/uploads\/2014\/06\/077-200x300.jpg 200w\" sizes=\"auto, (max-width: 685px) 100vw, 685px\" \/><\/a><\/p>\n<p>J&rsquo;ai repris mes cales en bois, les ai peintes en blanc et j&rsquo;ai coll\u00e9 dentelles, masking tape et rubans anciens \u00e0 initiale (bon, l\u00e0, c&rsquo;est comme les boutons, vous les reverrez souvent dans mes p&rsquo;tits bricolages ! \ud83d\ude42 )<\/p>\n<p><a href=\"http:\/\/www.lacas.be\/wp-content\/uploads\/2014\/06\/076.jpg\"><img loading=\"lazy\" decoding=\"async\" class=\"alignnone size-large wp-image-2026\" src=\"http:\/\/www.lacas.be\/wp-content\/uploads\/2014\/06\/076-685x1024.jpg\" alt=\"076\" width=\"685\" height=\"1024\" srcset=\"http:\/\/www.lacas.be\/wp-content\/uploads\/2014\/06\/076-685x1024.jpg 685w, http:\/\/www.lacas.be\/wp-content\/uploads\/2014\/06\/076-200x300.jpg 200w\" sizes=\"auto, (max-width: 685px) 100vw, 685px\" \/><\/a><\/p>\n<p>Ce bouquet de ciboulette plac\u00e9 dans mon \u00e9ternel bocal \u00ab\u00a0Le Parfait \u00a0\u00bb vous souhaite une belle et douce semaine !<\/p>\n<p><a href=\"http:\/\/www.lacas.be\/wp-content\/uploads\/2014\/06\/061.jpg\"><img loading=\"lazy\" decoding=\"async\" class=\"alignnone size-large wp-image-2020\" src=\"http:\/\/www.lacas.be\/wp-content\/uploads\/2014\/06\/061-685x1024.jpg\" alt=\"061\" width=\"685\" height=\"1024\" srcset=\"http:\/\/www.lacas.be\/wp-content\/uploads\/2014\/06\/061-685x1024.jpg 685w, http:\/\/www.lacas.be\/wp-content\/uploads\/2014\/06\/061-200x300.jpg 200w\" sizes=\"auto, (max-width: 685px) 100vw, 685px\" \/><\/a><\/p>\n<p>&nbsp;<\/p>\n","protected":false},"excerpt":{"rendered":"<p>Ayant \u00ab\u00a0h\u00e9rit\u00e9\u00a0\u00bb de mon papa de son stock de mat\u00e9riel destin\u00e9 \u00e0 la reliure de livres, cela fait un moment que je r\u00e9fl\u00e9chis \u00e0 une utilisation de ce papier l\u00e9g\u00e8rement plastifi\u00e9 et quelque peu rugueux. J&rsquo;ai confectionn\u00e9 quelques pochettes pour &hellip; <a href=\"http:\/\/www.lacas.be\/?p=2018\">Continuer la lecture <span class=\"meta-nav\">&rarr;<\/span><\/a><\/p>\n","protected":false},"author":1,"featured_media":0,"comment_status":"open","ping_status":"open","sticky":false,"template":"","format":"standard","meta":{"footnotes":""},"categories":[17],"tags":[],"class_list":["post-2018","post","type-post","status-publish","format-standard","hentry","category-home-made"],"_links":{"self":[{"href":"http:\/\/www.lacas.be\/index.php?rest_route=\/wp\/v2\/posts\/2018","targetHints":{"allow":["GET"]}}],"collection":[{"href":"http:\/\/www.lacas.be\/index.php?rest_route=\/wp\/v2\/posts"}],"about":[{"href":"http:\/\/www.lacas.be\/index.php?rest_route=\/wp\/v2\/types\/post"}],"author":[{"embeddable":true,"href":"http:\/\/www.lacas.be\/index.php?rest_route=\/wp\/v2\/users\/1"}],"replies":[{"embeddable":true,"href":"http:\/\/www.lacas.be\/index.php?rest_route=%2Fwp%2Fv2%2Fcomments&post=2018"}],"version-history":[{"count":16,"href":"http:\/\/www.lacas.be\/index.php?rest_route=\/wp\/v2\/posts\/2018\/revisions"}],"predecessor-version":[{"id":2049,"href":"http:\/\/www.lacas.be\/index.php?rest_route=\/wp\/v2\/posts\/2018\/revisions\/2049"}],"wp:attachment":[{"href":"http:\/\/www.lacas.be\/index.php?rest_route=%2Fwp%2Fv2%2Fmedia&parent=2018"}],"wp:term":[{"taxonomy":"category","embeddable":true,"href":"http:\/\/www.lacas.be\/index.php?rest_route=%2Fwp%2Fv2%2Fcategories&post=2018"},{"taxonomy":"post_tag","embeddable":true,"href":"http:\/\/www.lacas.be\/index.php?rest_route=%2Fwp%2Fv2%2Ftags&post=2018"}],"curies":[{"name":"wp","href":"https:\/\/api.w.org\/{rel}","templated":true}]}}