{"id":1784,"date":"2014-05-04T09:15:49","date_gmt":"2014-05-04T09:15:49","guid":{"rendered":"http:\/\/www.lacas.be\/?p=1784"},"modified":"2014-05-04T09:15:49","modified_gmt":"2014-05-04T09:15:49","slug":"jen-pince-encore","status":"publish","type":"post","link":"http:\/\/www.lacas.be\/?p=1784","title":{"rendered":"J&rsquo;en pince encore"},"content":{"rendered":"<p>Encore des pinces \u00e0 linge (cfr un post pr\u00e9c\u00e9dent) mais cette fois-ci bien \u00e0 l&rsquo;abri dans un pochon home made pour un petit cadeau d&rsquo;anniversaire pratique et sympa ! En esp\u00e9rant qu&rsquo;elles rendront la corv\u00e9e lessive sinon plus agr\u00e9able, du moins fleurie !!!<\/p>\n<p><a href=\"http:\/\/www.lacas.be\/wp-content\/uploads\/2014\/05\/03-05-2014-002.jpg\"><img loading=\"lazy\" decoding=\"async\" class=\"alignnone size-large wp-image-1797\" src=\"http:\/\/www.lacas.be\/wp-content\/uploads\/2014\/05\/03-05-2014-002-685x1024.jpg\" alt=\"03-05-2014 002\" width=\"685\" height=\"1024\" srcset=\"http:\/\/www.lacas.be\/wp-content\/uploads\/2014\/05\/03-05-2014-002-685x1024.jpg 685w, http:\/\/www.lacas.be\/wp-content\/uploads\/2014\/05\/03-05-2014-002-200x300.jpg 200w\" sizes=\"auto, (max-width: 685px) 100vw, 685px\" \/><\/a><\/p>\n<p>Le papillon est issu de la r\u00e9cup\u00e9ration d&rsquo;une \u00ab\u00a0loque\u00a0\u00bb comme on dit \u00ab\u00a0par chez nous\u00a0\u00bb que mon papa utilisait \u00e0 titre divers, en r\u00e9alit\u00e9, un morceau de drap ancien (inutile de dire que cette fin de vie assez indigne du travail d&rsquo;antan m&rsquo;a fait r\u00e9clamer le dit textile illico presto !!) J&rsquo;ai gal\u00e9r\u00e9 pour faire une d\u00e9coupe +\/-\u00a0 coh\u00e9rente au vu de l&rsquo;anciennet\u00e9 du drap \ud83d\ude42 Une petite broderie de papillon sur de la toile A\u00efda pour un effet plus rustique vient en rappel &#8230;<\/p>\n<p><a href=\"http:\/\/www.lacas.be\/wp-content\/uploads\/2014\/05\/03-05-2014-009.jpg\"><img loading=\"lazy\" decoding=\"async\" class=\"alignnone size-large wp-image-1804\" src=\"http:\/\/www.lacas.be\/wp-content\/uploads\/2014\/05\/03-05-2014-009-1024x685.jpg\" alt=\"03-05-2014 009\" width=\"700\" height=\"468\" srcset=\"http:\/\/www.lacas.be\/wp-content\/uploads\/2014\/05\/03-05-2014-009-1024x685.jpg 1024w, http:\/\/www.lacas.be\/wp-content\/uploads\/2014\/05\/03-05-2014-009-300x200.jpg 300w\" sizes=\"auto, (max-width: 700px) 100vw, 700px\" \/><\/a><\/p>\n<p><a href=\"http:\/\/www.lacas.be\/wp-content\/uploads\/2014\/05\/03-05-2014-004.jpg\"><img loading=\"lazy\" decoding=\"async\" class=\"alignnone size-large wp-image-1799\" src=\"http:\/\/www.lacas.be\/wp-content\/uploads\/2014\/05\/03-05-2014-004-1024x685.jpg\" alt=\"03-05-2014 004\" width=\"700\" height=\"468\" srcset=\"http:\/\/www.lacas.be\/wp-content\/uploads\/2014\/05\/03-05-2014-004-1024x685.jpg 1024w, http:\/\/www.lacas.be\/wp-content\/uploads\/2014\/05\/03-05-2014-004-300x200.jpg 300w\" sizes=\"auto, (max-width: 700px) 100vw, 700px\" \/><\/a><\/p>\n<p>Une petite dentelle sur le rebord conforte la touche ancienne que j&rsquo;ai voulu donner \u00e0 cette t\u00e2che ancestrale d&rsquo;\u00e9tendre le linge &#8230;.<\/p>\n<p><a href=\"http:\/\/www.lacas.be\/wp-content\/uploads\/2014\/05\/03-05-2014-016.jpg\"><img loading=\"lazy\" decoding=\"async\" class=\"alignnone size-medium wp-image-1806\" src=\"http:\/\/www.lacas.be\/wp-content\/uploads\/2014\/05\/03-05-2014-016-300x200.jpg\" alt=\"03-05-2014 016\" width=\"300\" height=\"200\" srcset=\"http:\/\/www.lacas.be\/wp-content\/uploads\/2014\/05\/03-05-2014-016-300x200.jpg 300w, http:\/\/www.lacas.be\/wp-content\/uploads\/2014\/05\/03-05-2014-016-1024x685.jpg 1024w\" sizes=\"auto, (max-width: 300px) 100vw, 300px\" \/>\u00a0 <\/a><a href=\"http:\/\/www.lacas.be\/wp-content\/uploads\/2014\/05\/03-05-2014-012.jpg\"><img loading=\"lazy\" decoding=\"async\" class=\"alignnone size-medium wp-image-1805\" src=\"http:\/\/www.lacas.be\/wp-content\/uploads\/2014\/05\/03-05-2014-012-300x200.jpg\" alt=\"03-05-2014 012\" width=\"300\" height=\"200\" srcset=\"http:\/\/www.lacas.be\/wp-content\/uploads\/2014\/05\/03-05-2014-012-300x200.jpg 300w, http:\/\/www.lacas.be\/wp-content\/uploads\/2014\/05\/03-05-2014-012-1024x685.jpg 1024w\" sizes=\"auto, (max-width: 300px) 100vw, 300px\" \/><\/a><\/p>\n<p>En guise de fermeture des liens, j&rsquo;ai ins\u00e9r\u00e9 deux vieilles pi\u00e8ces trou\u00e9es de ma r\u00e9serve.<\/p>\n<p><a href=\"http:\/\/www.lacas.be\/wp-content\/uploads\/2014\/05\/03-05-2014-006.jpg\"><img loading=\"lazy\" decoding=\"async\" class=\"alignnone size-large wp-image-1801\" src=\"http:\/\/www.lacas.be\/wp-content\/uploads\/2014\/05\/03-05-2014-006-1024x685.jpg\" alt=\"03-05-2014 006\" width=\"700\" height=\"468\" srcset=\"http:\/\/www.lacas.be\/wp-content\/uploads\/2014\/05\/03-05-2014-006-1024x685.jpg 1024w, http:\/\/www.lacas.be\/wp-content\/uploads\/2014\/05\/03-05-2014-006-300x200.jpg 300w\" sizes=\"auto, (max-width: 700px) 100vw, 700px\" \/><\/a><\/p>\n<p>Enfin, pour terminer ce post sur une touche \u00ab\u00a0brocante\u00a0\u00bb, voici en photos un morceau de r\u00e2teau ancien du patrimoine familial que j&rsquo;ai d\u00e9tourn\u00e9 en objet d\u00e9co ! Il doit encore \u00eatre d\u00e9crass\u00e9 \u00e0 fond apr\u00e8s avoir dormi des d\u00e9cennies dans la cave de mes parents mais je n&rsquo;ai pas pu r\u00e9sister \u00e0 l&rsquo;accrocher provisoirement sur un mur, je le laisserai dans son jus&#8230;. et je r\u00e9fl\u00e9chis aux \u00ab\u00a0petits riens\u00a0\u00bb \u00e0 y suspendre &#8230;<\/p>\n<p><a href=\"http:\/\/www.lacas.be\/wp-content\/uploads\/2014\/05\/03-05-2014-020.jpg\"><img loading=\"lazy\" decoding=\"async\" class=\"alignnone size-large wp-image-1809\" src=\"http:\/\/www.lacas.be\/wp-content\/uploads\/2014\/05\/03-05-2014-020-685x1024.jpg\" alt=\"03-05-2014 020\" width=\"685\" height=\"1024\" srcset=\"http:\/\/www.lacas.be\/wp-content\/uploads\/2014\/05\/03-05-2014-020-685x1024.jpg 685w, http:\/\/www.lacas.be\/wp-content\/uploads\/2014\/05\/03-05-2014-020-200x300.jpg 200w\" sizes=\"auto, (max-width: 685px) 100vw, 685px\" \/><\/a><\/p>\n<p><a href=\"http:\/\/www.lacas.be\/wp-content\/uploads\/2014\/05\/03-05-2014-021.jpg\"><img loading=\"lazy\" decoding=\"async\" class=\"alignnone size-large wp-image-1810\" src=\"http:\/\/www.lacas.be\/wp-content\/uploads\/2014\/05\/03-05-2014-021-685x1024.jpg\" alt=\"03-05-2014 021\" width=\"685\" height=\"1024\" srcset=\"http:\/\/www.lacas.be\/wp-content\/uploads\/2014\/05\/03-05-2014-021-685x1024.jpg 685w, http:\/\/www.lacas.be\/wp-content\/uploads\/2014\/05\/03-05-2014-021-200x300.jpg 200w\" sizes=\"auto, (max-width: 685px) 100vw, 685px\" \/><\/a><\/p>\n<p>Le papillon est le premier sujet que j&rsquo;ai r\u00e9alis\u00e9 lorsque j&rsquo;ai repris la broderie il y a deux ans en autodidacte, il n&rsquo;est certes pas acad\u00e9mique pour les puristes mais j&rsquo;y tiens \u00e0 cause de sa dimension symbolique \u00e0 mes yeux.<\/p>\n<p>Je vous souhaite un beau dimanche et une semaine riche en cr\u00e9ativit\u00e9. Je vous r\u00e9serve en primeur des photos de mes d\u00e9cos de papier un de ces prochains soirs &#8230;\u00a0 pour l&rsquo;instant, je m&rsquo;exerce \ud83d\ude42\u00a0 et tente de trouver ma \u00ab\u00a0griffe\u00a0\u00bb personnelle !!!!! (si tant est qu&rsquo;il y en ait une)<\/p>\n<p>Bisous \u00e0 tous et toutes !<\/p>\n","protected":false},"excerpt":{"rendered":"<p>Encore des pinces \u00e0 linge (cfr un post pr\u00e9c\u00e9dent) mais cette fois-ci bien \u00e0 l&rsquo;abri dans un pochon home made pour un petit cadeau d&rsquo;anniversaire pratique et sympa ! En esp\u00e9rant qu&rsquo;elles rendront la corv\u00e9e lessive sinon plus agr\u00e9able, du &hellip; <a href=\"http:\/\/www.lacas.be\/?p=1784\">Continuer la lecture <span class=\"meta-nav\">&rarr;<\/span><\/a><\/p>\n","protected":false},"author":1,"featured_media":0,"comment_status":"open","ping_status":"open","sticky":false,"template":"","format":"standard","meta":{"footnotes":""},"categories":[1,17],"tags":[],"class_list":["post-1784","post","type-post","status-publish","format-standard","hentry","category-non-classe","category-home-made"],"_links":{"self":[{"href":"http:\/\/www.lacas.be\/index.php?rest_route=\/wp\/v2\/posts\/1784","targetHints":{"allow":["GET"]}}],"collection":[{"href":"http:\/\/www.lacas.be\/index.php?rest_route=\/wp\/v2\/posts"}],"about":[{"href":"http:\/\/www.lacas.be\/index.php?rest_route=\/wp\/v2\/types\/post"}],"author":[{"embeddable":true,"href":"http:\/\/www.lacas.be\/index.php?rest_route=\/wp\/v2\/users\/1"}],"replies":[{"embeddable":true,"href":"http:\/\/www.lacas.be\/index.php?rest_route=%2Fwp%2Fv2%2Fcomments&post=1784"}],"version-history":[{"count":13,"href":"http:\/\/www.lacas.be\/index.php?rest_route=\/wp\/v2\/posts\/1784\/revisions"}],"predecessor-version":[{"id":1819,"href":"http:\/\/www.lacas.be\/index.php?rest_route=\/wp\/v2\/posts\/1784\/revisions\/1819"}],"wp:attachment":[{"href":"http:\/\/www.lacas.be\/index.php?rest_route=%2Fwp%2Fv2%2Fmedia&parent=1784"}],"wp:term":[{"taxonomy":"category","embeddable":true,"href":"http:\/\/www.lacas.be\/index.php?rest_route=%2Fwp%2Fv2%2Fcategories&post=1784"},{"taxonomy":"post_tag","embeddable":true,"href":"http:\/\/www.lacas.be\/index.php?rest_route=%2Fwp%2Fv2%2Ftags&post=1784"}],"curies":[{"name":"wp","href":"https:\/\/api.w.org\/{rel}","templated":true}]}}