{"id":1631,"date":"2014-03-26T17:46:48","date_gmt":"2014-03-26T17:46:48","guid":{"rendered":"http:\/\/www.lacas.be\/?p=1631"},"modified":"2014-03-26T17:46:48","modified_gmt":"2014-03-26T17:46:48","slug":"petite-idee-recup","status":"publish","type":"post","link":"http:\/\/www.lacas.be\/?p=1631","title":{"rendered":"Petite id\u00e9e r\u00e9cup"},"content":{"rendered":"<p>Une id\u00e9e made in Lacas, aussit\u00f4t pens\u00e9e, aussit\u00f4t con\u00e7ue &#8230; rien de bien extraordinaire toutefois, la mati\u00e8re premi\u00e8re \u00e9tant tout \u00e0 fait banale &#8230; :<\/p>\n<p><a href=\"http:\/\/www.lacas.be\/wp-content\/uploads\/2014\/03\/26-03-2014-009.jpg\"><img loading=\"lazy\" decoding=\"async\" class=\"alignnone size-large wp-image-1632\" alt=\"26-03-2014 009\" src=\"http:\/\/www.lacas.be\/wp-content\/uploads\/2014\/03\/26-03-2014-009-1024x685.jpg\" width=\"700\" height=\"468\" srcset=\"http:\/\/www.lacas.be\/wp-content\/uploads\/2014\/03\/26-03-2014-009-1024x685.jpg 1024w, http:\/\/www.lacas.be\/wp-content\/uploads\/2014\/03\/26-03-2014-009-300x200.jpg 300w\" sizes=\"auto, (max-width: 700px) 100vw, 700px\" \/><\/a><\/p>\n<p>J&rsquo;ai donc d\u00e9coup\u00e9 sommairement l&#8217;emballage plastique de ces paquets de mouchoirs en papier, je ne sais pourquoi mais le design de ces fleurs m&rsquo;a tout de suite attir\u00e9 ! J&rsquo;ai d&rsquo;ailleurs regrett\u00e9 in petto que le dessin ne soit pas imprim\u00e9 sur les mouchoirs en eux-m\u00eames &#8230; mais bon, il faut penser \u00e0 l&rsquo;environnement,\u00a0 m\u00eame si je ne suis pas \u00e0 priori une \u00e9colo dans l&rsquo;\u00e2me\u00a0 !!\u00a0 Un carton, du vernis colle, un peu de ruban et hop, un petit \u00e9l\u00e9ment de d\u00e9co qui pourra \u00e9galement me servir de marque page\u00a0 :<\/p>\n<p><a href=\"http:\/\/www.lacas.be\/wp-content\/uploads\/2014\/03\/26-03-2014-016.jpg\"><img loading=\"lazy\" decoding=\"async\" class=\"alignnone size-large wp-image-1633\" alt=\"26-03-2014 016\" src=\"http:\/\/www.lacas.be\/wp-content\/uploads\/2014\/03\/26-03-2014-016-1024x685.jpg\" width=\"700\" height=\"468\" srcset=\"http:\/\/www.lacas.be\/wp-content\/uploads\/2014\/03\/26-03-2014-016-1024x685.jpg 1024w, http:\/\/www.lacas.be\/wp-content\/uploads\/2014\/03\/26-03-2014-016-300x200.jpg 300w\" sizes=\"auto, (max-width: 700px) 100vw, 700px\" \/><\/a><\/p>\n<p>J&rsquo;ai \u00e9galement appos\u00e9 ces fleurs sur un miroir (mais bien trop difficiles \u00e0 photographier !!). Elles me rappellent tous les matins que le printemps n&rsquo;est plus tr\u00e8s loin\u00a0 &#8230; Le fait que le plastique soit tr\u00e8s fin implique que les sujets \u00ab\u00a0tiennent tout seuls\u00a0\u00bb sur une telle surface et \u00e7a, c&rsquo;est un avantage ind\u00e9niable !!!<\/p>\n<p>Et pour en revenir aux \u00e9l\u00e9ments climatiques, une photo des gr\u00ealons qui ont d\u00e9cor\u00e9 dimanche apr\u00e8s midi en quelques minutes seulement ma petite cour ardennaise avec en arri\u00e8re plan, un arbuste d\u00e9j\u00e0 en fleurs &#8230; y a plus de saisons !!!<\/p>\n<p><a href=\"http:\/\/www.lacas.be\/wp-content\/uploads\/2014\/03\/26-03-2014-001.jpg\"><img loading=\"lazy\" decoding=\"async\" class=\"alignnone size-large wp-image-1635\" alt=\"26-03-2014 001\" src=\"http:\/\/www.lacas.be\/wp-content\/uploads\/2014\/03\/26-03-2014-001-1024x685.jpg\" width=\"700\" height=\"468\" srcset=\"http:\/\/www.lacas.be\/wp-content\/uploads\/2014\/03\/26-03-2014-001-1024x685.jpg 1024w, http:\/\/www.lacas.be\/wp-content\/uploads\/2014\/03\/26-03-2014-001-300x200.jpg 300w\" sizes=\"auto, (max-width: 700px) 100vw, 700px\" \/><\/a><\/p>\n<p>Mille pens\u00e9es \u00e0 vous tous qui me lisez et entre autres, \u00e0 ma belle soeur et aux Romanais qui se reconna\u00eetront &#8230; !!!!<\/p>\n<p>&nbsp;<\/p>\n","protected":false},"excerpt":{"rendered":"<p>Une id\u00e9e made in Lacas, aussit\u00f4t pens\u00e9e, aussit\u00f4t con\u00e7ue &#8230; rien de bien extraordinaire toutefois, la mati\u00e8re premi\u00e8re \u00e9tant tout \u00e0 fait banale &#8230; : J&rsquo;ai donc d\u00e9coup\u00e9 sommairement l&#8217;emballage plastique de ces paquets de mouchoirs en papier, je ne &hellip; <a href=\"http:\/\/www.lacas.be\/?p=1631\">Continuer la lecture <span class=\"meta-nav\">&rarr;<\/span><\/a><\/p>\n","protected":false},"author":1,"featured_media":0,"comment_status":"open","ping_status":"open","sticky":false,"template":"","format":"standard","meta":{"footnotes":""},"categories":[1],"tags":[],"class_list":["post-1631","post","type-post","status-publish","format-standard","hentry","category-non-classe"],"_links":{"self":[{"href":"http:\/\/www.lacas.be\/index.php?rest_route=\/wp\/v2\/posts\/1631","targetHints":{"allow":["GET"]}}],"collection":[{"href":"http:\/\/www.lacas.be\/index.php?rest_route=\/wp\/v2\/posts"}],"about":[{"href":"http:\/\/www.lacas.be\/index.php?rest_route=\/wp\/v2\/types\/post"}],"author":[{"embeddable":true,"href":"http:\/\/www.lacas.be\/index.php?rest_route=\/wp\/v2\/users\/1"}],"replies":[{"embeddable":true,"href":"http:\/\/www.lacas.be\/index.php?rest_route=%2Fwp%2Fv2%2Fcomments&post=1631"}],"version-history":[{"count":6,"href":"http:\/\/www.lacas.be\/index.php?rest_route=\/wp\/v2\/posts\/1631\/revisions"}],"predecessor-version":[{"id":1641,"href":"http:\/\/www.lacas.be\/index.php?rest_route=\/wp\/v2\/posts\/1631\/revisions\/1641"}],"wp:attachment":[{"href":"http:\/\/www.lacas.be\/index.php?rest_route=%2Fwp%2Fv2%2Fmedia&parent=1631"}],"wp:term":[{"taxonomy":"category","embeddable":true,"href":"http:\/\/www.lacas.be\/index.php?rest_route=%2Fwp%2Fv2%2Fcategories&post=1631"},{"taxonomy":"post_tag","embeddable":true,"href":"http:\/\/www.lacas.be\/index.php?rest_route=%2Fwp%2Fv2%2Ftags&post=1631"}],"curies":[{"name":"wp","href":"https:\/\/api.w.org\/{rel}","templated":true}]}}