{"id":1585,"date":"2014-03-12T15:41:00","date_gmt":"2014-03-12T15:41:00","guid":{"rendered":"http:\/\/www.lacas.be\/?p=1585"},"modified":"2014-03-12T15:42:05","modified_gmt":"2014-03-12T15:42:05","slug":"desertion","status":"publish","type":"post","link":"http:\/\/www.lacas.be\/?p=1585","title":{"rendered":"D\u00e9sertion &#8230;"},"content":{"rendered":"<p>Je plaide coupable\u00a0 pour d\u00e9sertion de ce blog et des travaux d&rsquo;aiguilles et je demande l&rsquo;indulgence, mais j&rsquo;ai des excuses !!!\u00a0 En cause &#8230;. j&rsquo;ai \u00e9t\u00e9 tr\u00e8s occup\u00e9e &#8230;<\/p>\n<p><a href=\"http:\/\/www.lacas.be\/wp-content\/uploads\/2014\/03\/13-03-2014-030.jpg\"><img loading=\"lazy\" decoding=\"async\" class=\"wp-image-1588 aligncenter\" alt=\"13-03-2014 030\" src=\"http:\/\/www.lacas.be\/wp-content\/uploads\/2014\/03\/13-03-2014-030-200x300.jpg\" width=\"200\" height=\"300\" srcset=\"http:\/\/www.lacas.be\/wp-content\/uploads\/2014\/03\/13-03-2014-030-200x300.jpg 200w, http:\/\/www.lacas.be\/wp-content\/uploads\/2014\/03\/13-03-2014-030-685x1024.jpg 685w\" sizes=\"auto, (max-width: 200px) 100vw, 200px\" \/><\/a>Si les arbres ont gard\u00e9 leurs habits d&rsquo;hiver, le ciel par contre a repris des couleurs, ce qui incitait aux t\u00e2ches de plein air\u00a0 (le transat entre autres occupations ext\u00e9rieures &#8230;)<\/p>\n<p><a href=\"http:\/\/www.lacas.be\/wp-content\/uploads\/2014\/03\/13-03-2014-031.jpg\"><img loading=\"lazy\" decoding=\"async\" class=\"alignnone size-large wp-image-1589\" alt=\"13-03-2014 031\" src=\"http:\/\/www.lacas.be\/wp-content\/uploads\/2014\/03\/13-03-2014-031-1024x685.jpg\" width=\"700\" height=\"468\" srcset=\"http:\/\/www.lacas.be\/wp-content\/uploads\/2014\/03\/13-03-2014-031-1024x685.jpg 1024w, http:\/\/www.lacas.be\/wp-content\/uploads\/2014\/03\/13-03-2014-031-300x200.jpg 300w\" sizes=\"auto, (max-width: 700px) 100vw, 700px\" \/><\/a><\/p>\n<p>M\u00eame persil et ciboulette ont surv\u00e9cu dans mon potager depuis l&rsquo;\u00e9t\u00e9 dernier, cet hiver fut tr\u00e8s doux au niveau des temp\u00e9ratures, ce qui explique cela\u00a0 :<\/p>\n<p><a href=\"http:\/\/www.lacas.be\/wp-content\/uploads\/2014\/03\/13-03-2014-038.jpg\"><img loading=\"lazy\" decoding=\"async\" class=\"alignnone size-medium wp-image-1591\" alt=\"13-03-2014 038\" src=\"http:\/\/www.lacas.be\/wp-content\/uploads\/2014\/03\/13-03-2014-038-300x200.jpg\" width=\"300\" height=\"200\" srcset=\"http:\/\/www.lacas.be\/wp-content\/uploads\/2014\/03\/13-03-2014-038-300x200.jpg 300w, http:\/\/www.lacas.be\/wp-content\/uploads\/2014\/03\/13-03-2014-038-1024x685.jpg 1024w\" sizes=\"auto, (max-width: 300px) 100vw, 300px\" \/><\/a> <a href=\"http:\/\/www.lacas.be\/wp-content\/uploads\/2014\/03\/13-03-2014-036.jpg\"><img loading=\"lazy\" decoding=\"async\" class=\"alignnone size-medium wp-image-1590\" alt=\"13-03-2014 036\" src=\"http:\/\/www.lacas.be\/wp-content\/uploads\/2014\/03\/13-03-2014-036-300x200.jpg\" width=\"300\" height=\"200\" srcset=\"http:\/\/www.lacas.be\/wp-content\/uploads\/2014\/03\/13-03-2014-036-300x200.jpg 300w, http:\/\/www.lacas.be\/wp-content\/uploads\/2014\/03\/13-03-2014-036-1024x685.jpg 1024w\" sizes=\"auto, (max-width: 300px) 100vw, 300px\" \/><\/a><\/p>\n<p>Au cours de mes derni\u00e8res promenades et fl\u00e2neries familiales, j&rsquo;ai aper\u00e7u\u00a0 plusieurs papillons. Pas de photos &#8230;. dommage mais ils ont refus\u00e9 cat\u00e9goriquement de prendre la pose &#8230;.<\/p>\n<p>Toutefois, cette m\u00e9t\u00e9o cl\u00e9mente ne durera malheureusement pas et je reprendrai bien vite le chemin des loisirs cr\u00e9atifs, \u00e0 d\u00e9faut de vitamines D dont j&rsquo;ai fait le plein ces derniers jours &#8230;.<\/p>\n<p>A bient\u00f4t.<\/p>\n<p>&nbsp;<\/p>\n<p>&nbsp;<\/p>\n","protected":false},"excerpt":{"rendered":"<p>Je plaide coupable\u00a0 pour d\u00e9sertion de ce blog et des travaux d&rsquo;aiguilles et je demande l&rsquo;indulgence, mais j&rsquo;ai des excuses !!!\u00a0 En cause &#8230;. j&rsquo;ai \u00e9t\u00e9 tr\u00e8s occup\u00e9e &#8230; Si les arbres ont gard\u00e9 leurs habits d&rsquo;hiver, le ciel par &hellip; <a href=\"http:\/\/www.lacas.be\/?p=1585\">Continuer la lecture <span class=\"meta-nav\">&rarr;<\/span><\/a><\/p>\n","protected":false},"author":1,"featured_media":0,"comment_status":"open","ping_status":"open","sticky":false,"template":"","format":"standard","meta":{"footnotes":""},"categories":[3],"tags":[],"class_list":["post-1585","post","type-post","status-publish","format-standard","hentry","category-decouvertes"],"_links":{"self":[{"href":"http:\/\/www.lacas.be\/index.php?rest_route=\/wp\/v2\/posts\/1585","targetHints":{"allow":["GET"]}}],"collection":[{"href":"http:\/\/www.lacas.be\/index.php?rest_route=\/wp\/v2\/posts"}],"about":[{"href":"http:\/\/www.lacas.be\/index.php?rest_route=\/wp\/v2\/types\/post"}],"author":[{"embeddable":true,"href":"http:\/\/www.lacas.be\/index.php?rest_route=\/wp\/v2\/users\/1"}],"replies":[{"embeddable":true,"href":"http:\/\/www.lacas.be\/index.php?rest_route=%2Fwp%2Fv2%2Fcomments&post=1585"}],"version-history":[{"count":9,"href":"http:\/\/www.lacas.be\/index.php?rest_route=\/wp\/v2\/posts\/1585\/revisions"}],"predecessor-version":[{"id":1598,"href":"http:\/\/www.lacas.be\/index.php?rest_route=\/wp\/v2\/posts\/1585\/revisions\/1598"}],"wp:attachment":[{"href":"http:\/\/www.lacas.be\/index.php?rest_route=%2Fwp%2Fv2%2Fmedia&parent=1585"}],"wp:term":[{"taxonomy":"category","embeddable":true,"href":"http:\/\/www.lacas.be\/index.php?rest_route=%2Fwp%2Fv2%2Fcategories&post=1585"},{"taxonomy":"post_tag","embeddable":true,"href":"http:\/\/www.lacas.be\/index.php?rest_route=%2Fwp%2Fv2%2Ftags&post=1585"}],"curies":[{"name":"wp","href":"https:\/\/api.w.org\/{rel}","templated":true}]}}