{"id":1555,"date":"2014-02-23T12:02:22","date_gmt":"2014-02-23T12:02:22","guid":{"rendered":"http:\/\/www.lacas.be\/?p=1555"},"modified":"2014-02-24T07:13:39","modified_gmt":"2014-02-24T07:13:39","slug":"je-mapplique-si-si-2","status":"publish","type":"post","link":"http:\/\/www.lacas.be\/?p=1555","title":{"rendered":"Je m&rsquo;applique&#8230;.  si, si !!"},"content":{"rendered":"<p>Bonjour,<\/p>\n<p>Il s&rsquo;agit cette fois encore d&rsquo;un mod\u00e8le extrait du merveilleux livre \u00ab\u00a0Tr\u00e9sors de brodeuse\u00a0\u00bb de M. Suarez et C. Rigaudeau qui ne cesse de m&rsquo;inspirer !!<\/p>\n<p><a href=\"http:\/\/www.lacas.be\/wp-content\/uploads\/2014\/02\/22-02-2014-001.jpg\"><img loading=\"lazy\" decoding=\"async\" class=\"alignnone size-large wp-image-1556\" alt=\"22-02-2014 001\" src=\"http:\/\/www.lacas.be\/wp-content\/uploads\/2014\/02\/22-02-2014-001-1024x685.jpg\" width=\"700\" height=\"468\" srcset=\"http:\/\/www.lacas.be\/wp-content\/uploads\/2014\/02\/22-02-2014-001-1024x685.jpg 1024w, http:\/\/www.lacas.be\/wp-content\/uploads\/2014\/02\/22-02-2014-001-300x200.jpg 300w\" sizes=\"auto, (max-width: 700px) 100vw, 700px\" \/><\/a><\/p>\n<p>Malgr\u00e9 quelques imperfections dont je suis bien consciente,\u00a0 j&rsquo;aime bien l&rsquo;ensemble.\u00a0L&rsquo;id\u00e9e de r\u00e9aliser la queue du chat avec de la cordelette entour\u00e9e de coton noir est assez originale. Par rapport au mod\u00e8le du livre, j&rsquo;ai ajout\u00e9 les boutons et le petit noeud &#8230; so chic !!! Il me reste encore \u00e0 broder une petite phrase &#8230; j&rsquo;attends l&rsquo;inspiration !!! \u00f4 muse !!!<\/p>\n<p><a href=\"http:\/\/www.lacas.be\/wp-content\/uploads\/2014\/02\/22-02-2014-003.jpg\"><img loading=\"lazy\" decoding=\"async\" class=\"alignnone size-large wp-image-1557\" alt=\"22-02-2014 003\" src=\"http:\/\/www.lacas.be\/wp-content\/uploads\/2014\/02\/22-02-2014-003-1024x685.jpg\" width=\"700\" height=\"468\" srcset=\"http:\/\/www.lacas.be\/wp-content\/uploads\/2014\/02\/22-02-2014-003-1024x685.jpg 1024w, http:\/\/www.lacas.be\/wp-content\/uploads\/2014\/02\/22-02-2014-003-300x200.jpg 300w\" sizes=\"auto, (max-width: 700px) 100vw, 700px\" \/><\/a><\/p>\n<p>En ce qui concerne la poule beige, je l&rsquo;ai sommairement coll\u00e9e sur mon agenda et elle m&rsquo;accompagne lors de mes r\u00e9unions au bureau (un petit espace perso dans le milieu professionnel tr\u00e8s diff\u00e9rent de ce blog &#8230;..)<\/p>\n<p><a href=\"http:\/\/www.lacas.be\/wp-content\/uploads\/2014\/02\/22-02-2014-005.jpg\"><img loading=\"lazy\" decoding=\"async\" class=\"alignnone size-large wp-image-1558\" alt=\"22-02-2014 005\" src=\"http:\/\/www.lacas.be\/wp-content\/uploads\/2014\/02\/22-02-2014-005-1024x685.jpg\" width=\"700\" height=\"468\" srcset=\"http:\/\/www.lacas.be\/wp-content\/uploads\/2014\/02\/22-02-2014-005-1024x685.jpg 1024w, http:\/\/www.lacas.be\/wp-content\/uploads\/2014\/02\/22-02-2014-005-300x200.jpg 300w\" sizes=\"auto, (max-width: 700px) 100vw, 700px\" \/><\/a><\/p>\n<p>Mod\u00e8le issu encore et toujours de \u00ab\u00a0Tr\u00e9sors de brodeuse\u00a0\u00bb, je l&rsquo;ai personnalis\u00e9 avec une petite phrase de mon cr\u00fb et un petit coeur en bois. Bon, c&rsquo;est vrai, les plus observatrices verront que le motif du tamponnage est \u00e0 l&rsquo;envers &#8230; Pff !!<\/p>\n<p><a href=\"http:\/\/www.lacas.be\/wp-content\/uploads\/2014\/02\/22-02-2014-007.jpg\"><img loading=\"lazy\" decoding=\"async\" class=\"alignnone size-large wp-image-1559\" alt=\"22-02-2014 007\" src=\"http:\/\/www.lacas.be\/wp-content\/uploads\/2014\/02\/22-02-2014-007-1024x685.jpg\" width=\"700\" height=\"468\" srcset=\"http:\/\/www.lacas.be\/wp-content\/uploads\/2014\/02\/22-02-2014-007-1024x685.jpg 1024w, http:\/\/www.lacas.be\/wp-content\/uploads\/2014\/02\/22-02-2014-007-300x200.jpg 300w\" sizes=\"auto, (max-width: 700px) 100vw, 700px\" \/><\/a> <a href=\"http:\/\/www.lacas.be\/wp-content\/uploads\/2014\/02\/22-02-2014-009.jpg\"><img loading=\"lazy\" decoding=\"async\" class=\"alignnone size-large wp-image-1560\" alt=\"22-02-2014 009\" src=\"http:\/\/www.lacas.be\/wp-content\/uploads\/2014\/02\/22-02-2014-009-1024x685.jpg\" width=\"700\" height=\"468\" srcset=\"http:\/\/www.lacas.be\/wp-content\/uploads\/2014\/02\/22-02-2014-009-1024x685.jpg 1024w, http:\/\/www.lacas.be\/wp-content\/uploads\/2014\/02\/22-02-2014-009-300x200.jpg 300w\" sizes=\"auto, (max-width: 700px) 100vw, 700px\" \/><\/a><\/p>\n<p>Enfin, pour terminer, voici mes lectures du moment, des \u00ab\u00a0must\u00a0\u00bb qui me font r\u00eaver !! Je suis d&rsquo;ailleurs en train de broder sur du lin 12 fils un mod\u00e8le d&rsquo;histoires de lin .. une premi\u00e8re pour moi qui me demande beaucoup de temps et de concentration &#8230; mais je suppose qu&rsquo;avec le temps et l&rsquo;exp\u00e9rience &#8230; j&rsquo;arriverai \u00e0 faire \u00ab\u00a0quelque chose de convenable \u00a0\u00bb !!!<\/p>\n<p><a href=\"http:\/\/www.lacas.be\/wp-content\/uploads\/2014\/02\/22-02-2014-011.jpg\"><img loading=\"lazy\" decoding=\"async\" class=\"alignnone size-large wp-image-1562\" alt=\"22-02-2014 011\" src=\"http:\/\/www.lacas.be\/wp-content\/uploads\/2014\/02\/22-02-2014-011-1024x685.jpg\" width=\"700\" height=\"468\" srcset=\"http:\/\/www.lacas.be\/wp-content\/uploads\/2014\/02\/22-02-2014-011-1024x685.jpg 1024w, http:\/\/www.lacas.be\/wp-content\/uploads\/2014\/02\/22-02-2014-011-300x200.jpg 300w\" sizes=\"auto, (max-width: 700px) 100vw, 700px\" \/><\/a><a href=\"http:\/\/www.lacas.be\/wp-content\/uploads\/2014\/02\/22-02-2014-010.jpg\"><img loading=\"lazy\" decoding=\"async\" class=\"alignnone size-large wp-image-1561\" alt=\"22-02-2014 010\" src=\"http:\/\/www.lacas.be\/wp-content\/uploads\/2014\/02\/22-02-2014-010-1024x685.jpg\" width=\"700\" height=\"468\" srcset=\"http:\/\/www.lacas.be\/wp-content\/uploads\/2014\/02\/22-02-2014-010-1024x685.jpg 1024w, http:\/\/www.lacas.be\/wp-content\/uploads\/2014\/02\/22-02-2014-010-300x200.jpg 300w\" sizes=\"auto, (max-width: 700px) 100vw, 700px\" \/><\/a><\/p>\n<p>La revue \u00ab\u00a0Nordique Living\u00a0\u00bb est le pendant fran\u00e7ais du Jeanne d&rsquo;Arc Living, un magazine outre manche tr\u00e8s pris\u00e9 dans le monde des blogs d\u00e9co. Source d&rsquo;inspirations et de r\u00eaveries, ce magazine fait partie\u00a0 de mes livres de chevet pr\u00e9f\u00e9r\u00e9s du moment !!!<\/p>\n<p>Passez un beau dimanche en famille ! Profitez du pr\u00e9sent !<\/p>\n","protected":false},"excerpt":{"rendered":"<p>Bonjour, Il s&rsquo;agit cette fois encore d&rsquo;un mod\u00e8le extrait du merveilleux livre \u00ab\u00a0Tr\u00e9sors de brodeuse\u00a0\u00bb de M. Suarez et C. Rigaudeau qui ne cesse de m&rsquo;inspirer !! Malgr\u00e9 quelques imperfections dont je suis bien consciente,\u00a0 j&rsquo;aime bien l&rsquo;ensemble.\u00a0L&rsquo;id\u00e9e de r\u00e9aliser &hellip; <a href=\"http:\/\/www.lacas.be\/?p=1555\">Continuer la lecture <span class=\"meta-nav\">&rarr;<\/span><\/a><\/p>\n","protected":false},"author":1,"featured_media":0,"comment_status":"open","ping_status":"open","sticky":false,"template":"","format":"standard","meta":{"footnotes":""},"categories":[17],"tags":[],"class_list":["post-1555","post","type-post","status-publish","format-standard","hentry","category-home-made"],"_links":{"self":[{"href":"http:\/\/www.lacas.be\/index.php?rest_route=\/wp\/v2\/posts\/1555","targetHints":{"allow":["GET"]}}],"collection":[{"href":"http:\/\/www.lacas.be\/index.php?rest_route=\/wp\/v2\/posts"}],"about":[{"href":"http:\/\/www.lacas.be\/index.php?rest_route=\/wp\/v2\/types\/post"}],"author":[{"embeddable":true,"href":"http:\/\/www.lacas.be\/index.php?rest_route=\/wp\/v2\/users\/1"}],"replies":[{"embeddable":true,"href":"http:\/\/www.lacas.be\/index.php?rest_route=%2Fwp%2Fv2%2Fcomments&post=1555"}],"version-history":[{"count":4,"href":"http:\/\/www.lacas.be\/index.php?rest_route=\/wp\/v2\/posts\/1555\/revisions"}],"predecessor-version":[{"id":1566,"href":"http:\/\/www.lacas.be\/index.php?rest_route=\/wp\/v2\/posts\/1555\/revisions\/1566"}],"wp:attachment":[{"href":"http:\/\/www.lacas.be\/index.php?rest_route=%2Fwp%2Fv2%2Fmedia&parent=1555"}],"wp:term":[{"taxonomy":"category","embeddable":true,"href":"http:\/\/www.lacas.be\/index.php?rest_route=%2Fwp%2Fv2%2Fcategories&post=1555"},{"taxonomy":"post_tag","embeddable":true,"href":"http:\/\/www.lacas.be\/index.php?rest_route=%2Fwp%2Fv2%2Ftags&post=1555"}],"curies":[{"name":"wp","href":"https:\/\/api.w.org\/{rel}","templated":true}]}}