{"id":153,"date":"2012-08-01T18:49:34","date_gmt":"2012-08-01T18:49:34","guid":{"rendered":"http:\/\/www.lacas.be\/?p=153"},"modified":"2012-08-01T16:05:17","modified_gmt":"2012-08-01T16:05:17","slug":"saison-des-brocantes","status":"publish","type":"post","link":"http:\/\/www.lacas.be\/?p=153","title":{"rendered":"Saison des brocantes"},"content":{"rendered":"<p>Sous un ciel ensoleill\u00e9, lors d&rsquo;une belle brocante r\u00e9gionale du week end dernier, un meuble vintage \u00e0 classeurs nous a conquis alors que nous chinions sans id\u00e9e pr\u00e9con\u00e7ue ni attente particuli\u00e8re&#8230;.<\/p>\n<p>Chaque fois, le m\u00eame sc\u00e9nario se r\u00e9p\u00e8te, l&rsquo;un s&rsquo;arr\u00eate, l&rsquo;autre le rejoint, on se regarde et paf ! m\u00eame plus besoin de se murmurer (histoire de ne pas marquer trop d&rsquo;int\u00e9r\u00eat face au vendeur) \u00ab\u00a0\u00e7a te plait ? \u00a0\u00bb &#8230; non, non &#8230; je me contente de discuter un peu le prix pour la forme et hop, apr\u00e8s l&rsquo;obtention d&rsquo;un p&rsquo;tit rabais, nous embarquons illico\u00a0l&rsquo;acquisition coup de coeur\u00a0dans notre break gar\u00e9 \u00e9videmment bien loin.<\/p>\n<p>Et puis, traverser toute la brocante avec ce meuble d\u20191m50 de hauteur, heureusement, cette fois-ci, en contreplaqu\u00e9\u2026 donc, pas trop lourd ! Mdr !<\/p>\n<p style=\"text-align: center;\"><img loading=\"lazy\" decoding=\"async\" class=\" wp-image-155 aligncenter\" title=\"meuble \u00e0 classeur 2\" src=\"http:\/\/www.lacas.be\/wp-content\/uploads\/2012\/08\/meuble-\u00e0-classeur-2-685x1024.jpg\" alt=\"\" width=\"230\" height=\"344\" srcset=\"http:\/\/www.lacas.be\/wp-content\/uploads\/2012\/08\/meuble-\u00e0-classeur-2-685x1024.jpg 685w, http:\/\/www.lacas.be\/wp-content\/uploads\/2012\/08\/meuble-\u00e0-classeur-2-200x300.jpg 200w\" sizes=\"auto, (max-width: 230px) 100vw, 230px\" \/><\/p>\n<p>Apr\u00e8s un (ou plusieurs!)\u00a0bon lavage \u00e0 la solarine, du rafistolage des plaques int\u00e9rieures (pour l&rsquo;homme de la maison), de la couleur craie d&rsquo;Eleonore Deco,\u00a0 restera encore \u00e0 trouver son emplacement id\u00e9al dans la maison et \u00e7a, ce n&rsquo;est pas encore gagn\u00e9 d&rsquo;avance !<\/p>\n<p>Bonne journ\u00e9e \u00e0 tous !<\/p>\n<p>&nbsp;<\/p>\n","protected":false},"excerpt":{"rendered":"<p>Sous un ciel ensoleill\u00e9, lors d&rsquo;une belle brocante r\u00e9gionale du week end dernier, un meuble vintage \u00e0 classeurs nous a conquis alors que nous chinions sans id\u00e9e pr\u00e9con\u00e7ue ni attente particuli\u00e8re&#8230;. Chaque fois, le m\u00eame sc\u00e9nario se r\u00e9p\u00e8te, l&rsquo;un s&rsquo;arr\u00eate, &hellip; <a href=\"http:\/\/www.lacas.be\/?p=153\">Continuer la lecture <span class=\"meta-nav\">&rarr;<\/span><\/a><\/p>\n","protected":false},"author":1,"featured_media":0,"comment_status":"open","ping_status":"open","sticky":false,"template":"","format":"standard","meta":{"footnotes":""},"categories":[1],"tags":[],"class_list":["post-153","post","type-post","status-publish","format-standard","hentry","category-non-classe"],"_links":{"self":[{"href":"http:\/\/www.lacas.be\/index.php?rest_route=\/wp\/v2\/posts\/153","targetHints":{"allow":["GET"]}}],"collection":[{"href":"http:\/\/www.lacas.be\/index.php?rest_route=\/wp\/v2\/posts"}],"about":[{"href":"http:\/\/www.lacas.be\/index.php?rest_route=\/wp\/v2\/types\/post"}],"author":[{"embeddable":true,"href":"http:\/\/www.lacas.be\/index.php?rest_route=\/wp\/v2\/users\/1"}],"replies":[{"embeddable":true,"href":"http:\/\/www.lacas.be\/index.php?rest_route=%2Fwp%2Fv2%2Fcomments&post=153"}],"version-history":[{"count":8,"href":"http:\/\/www.lacas.be\/index.php?rest_route=\/wp\/v2\/posts\/153\/revisions"}],"predecessor-version":[{"id":164,"href":"http:\/\/www.lacas.be\/index.php?rest_route=\/wp\/v2\/posts\/153\/revisions\/164"}],"wp:attachment":[{"href":"http:\/\/www.lacas.be\/index.php?rest_route=%2Fwp%2Fv2%2Fmedia&parent=153"}],"wp:term":[{"taxonomy":"category","embeddable":true,"href":"http:\/\/www.lacas.be\/index.php?rest_route=%2Fwp%2Fv2%2Fcategories&post=153"},{"taxonomy":"post_tag","embeddable":true,"href":"http:\/\/www.lacas.be\/index.php?rest_route=%2Fwp%2Fv2%2Ftags&post=153"}],"curies":[{"name":"wp","href":"https:\/\/api.w.org\/{rel}","templated":true}]}}