{"id":1293,"date":"2014-01-08T15:13:46","date_gmt":"2014-01-08T15:13:46","guid":{"rendered":"http:\/\/www.lacas.be\/?p=1293"},"modified":"2014-01-08T15:30:13","modified_gmt":"2014-01-08T15:30:13","slug":"mon-petit-atelier","status":"publish","type":"post","link":"http:\/\/www.lacas.be\/?p=1293","title":{"rendered":"Mon petit atelier"},"content":{"rendered":"<p>Just for the fun &#8230;. Quelques photos de mon &#8230;.<\/p>\n<p><a href=\"http:\/\/www.lacas.be\/wp-content\/uploads\/2014\/01\/08-01-2014-038.jpg\"><img loading=\"lazy\" decoding=\"async\" class=\"alignnone size-large wp-image-1294\" alt=\"08-01-2014 038\" src=\"http:\/\/www.lacas.be\/wp-content\/uploads\/2014\/01\/08-01-2014-038-1024x685.jpg\" width=\"700\" height=\"468\" srcset=\"http:\/\/www.lacas.be\/wp-content\/uploads\/2014\/01\/08-01-2014-038-1024x685.jpg 1024w, http:\/\/www.lacas.be\/wp-content\/uploads\/2014\/01\/08-01-2014-038-300x200.jpg 300w\" sizes=\"auto, (max-width: 700px) 100vw, 700px\" \/><\/a><\/p>\n<p>&#8230;&#8230; en r\u00e9alit\u00e9, une armoire colonne en bois repeinte cet \u00e9t\u00e9 et qui contient mon mat\u00e9riel de bricolage. Ici, je ne vous montre que la partie rang\u00e9e !! Mon \u00ab\u00a0petit\u00a0\u00bb mari m&rsquo;a gentiment donn\u00e9 deux de ses bo\u00eetes \u00e0 outil bien pratiques pour d\u00e9placer le tout \u00e0 la salle \u00e0 manger o\u00f9 je bricole, faute d&rsquo;autre place &#8230; mais je ne d\u00e9sesp\u00e8re pas d&rsquo;am\u00e9nager un jour un coin bien \u00e0 moi o\u00f9 je pourrai laisser tra\u00eener mes projets en attente de finalisation !!!<\/p>\n<p><a href=\"http:\/\/www.lacas.be\/wp-content\/uploads\/2014\/01\/08-01-2014-035.jpg\"><img loading=\"lazy\" decoding=\"async\" class=\"alignnone size-medium wp-image-1295\" alt=\"08-01-2014 035\" src=\"http:\/\/www.lacas.be\/wp-content\/uploads\/2014\/01\/08-01-2014-035-200x300.jpg\" width=\"200\" height=\"300\" srcset=\"http:\/\/www.lacas.be\/wp-content\/uploads\/2014\/01\/08-01-2014-035-200x300.jpg 200w, http:\/\/www.lacas.be\/wp-content\/uploads\/2014\/01\/08-01-2014-035-685x1024.jpg 685w\" sizes=\"auto, (max-width: 200px) 100vw, 200px\" \/><\/a> <a href=\"http:\/\/www.lacas.be\/wp-content\/uploads\/2014\/01\/08-01-2014-028.jpg\"><img loading=\"lazy\" decoding=\"async\" class=\"alignnone size-medium wp-image-1296\" alt=\"08-01-2014 028\" src=\"http:\/\/www.lacas.be\/wp-content\/uploads\/2014\/01\/08-01-2014-028-200x300.jpg\" width=\"200\" height=\"300\" srcset=\"http:\/\/www.lacas.be\/wp-content\/uploads\/2014\/01\/08-01-2014-028-200x300.jpg 200w, http:\/\/www.lacas.be\/wp-content\/uploads\/2014\/01\/08-01-2014-028-685x1024.jpg 685w\" sizes=\"auto, (max-width: 200px) 100vw, 200px\" \/><\/a> <a href=\"http:\/\/www.lacas.be\/wp-content\/uploads\/2014\/01\/08-01-2014-034.jpg\"><img loading=\"lazy\" decoding=\"async\" class=\"wp-image-1297 alignleft\" alt=\"08-01-2014 034\" src=\"http:\/\/www.lacas.be\/wp-content\/uploads\/2014\/01\/08-01-2014-034-300x200.jpg\" width=\"405\" height=\"270\" srcset=\"http:\/\/www.lacas.be\/wp-content\/uploads\/2014\/01\/08-01-2014-034-300x200.jpg 300w, http:\/\/www.lacas.be\/wp-content\/uploads\/2014\/01\/08-01-2014-034-1024x685.jpg 1024w\" sizes=\"auto, (max-width: 405px) 100vw, 405px\" \/><\/a><\/p>\n<p>&nbsp;<\/p>\n<p>&nbsp;<\/p>\n<p>&nbsp;<\/p>\n<p>&nbsp;<\/p>\n<p>&nbsp;<\/p>\n<p>&nbsp;<\/p>\n<p>Bien \u00e0 vous.<\/p>\n","protected":false},"excerpt":{"rendered":"<p>Just for the fun &#8230;. Quelques photos de mon &#8230;. &#8230;&#8230; en r\u00e9alit\u00e9, une armoire colonne en bois repeinte cet \u00e9t\u00e9 et qui contient mon mat\u00e9riel de bricolage. Ici, je ne vous montre que la partie rang\u00e9e !! Mon \u00ab\u00a0petit\u00a0\u00bb &hellip; <a href=\"http:\/\/www.lacas.be\/?p=1293\">Continuer la lecture <span class=\"meta-nav\">&rarr;<\/span><\/a><\/p>\n","protected":false},"author":1,"featured_media":0,"comment_status":"open","ping_status":"open","sticky":false,"template":"","format":"standard","meta":{"footnotes":""},"categories":[1],"tags":[15],"class_list":["post-1293","post","type-post","status-publish","format-standard","hentry","category-non-classe","tag-atelier"],"_links":{"self":[{"href":"http:\/\/www.lacas.be\/index.php?rest_route=\/wp\/v2\/posts\/1293","targetHints":{"allow":["GET"]}}],"collection":[{"href":"http:\/\/www.lacas.be\/index.php?rest_route=\/wp\/v2\/posts"}],"about":[{"href":"http:\/\/www.lacas.be\/index.php?rest_route=\/wp\/v2\/types\/post"}],"author":[{"embeddable":true,"href":"http:\/\/www.lacas.be\/index.php?rest_route=\/wp\/v2\/users\/1"}],"replies":[{"embeddable":true,"href":"http:\/\/www.lacas.be\/index.php?rest_route=%2Fwp%2Fv2%2Fcomments&post=1293"}],"version-history":[{"count":6,"href":"http:\/\/www.lacas.be\/index.php?rest_route=\/wp\/v2\/posts\/1293\/revisions"}],"predecessor-version":[{"id":1312,"href":"http:\/\/www.lacas.be\/index.php?rest_route=\/wp\/v2\/posts\/1293\/revisions\/1312"}],"wp:attachment":[{"href":"http:\/\/www.lacas.be\/index.php?rest_route=%2Fwp%2Fv2%2Fmedia&parent=1293"}],"wp:term":[{"taxonomy":"category","embeddable":true,"href":"http:\/\/www.lacas.be\/index.php?rest_route=%2Fwp%2Fv2%2Fcategories&post=1293"},{"taxonomy":"post_tag","embeddable":true,"href":"http:\/\/www.lacas.be\/index.php?rest_route=%2Fwp%2Fv2%2Ftags&post=1293"}],"curies":[{"name":"wp","href":"https:\/\/api.w.org\/{rel}","templated":true}]}}