{"id":1160,"date":"2013-12-01T14:11:05","date_gmt":"2013-12-01T14:11:05","guid":{"rendered":"http:\/\/www.lacas.be\/?p=1160"},"modified":"2013-12-01T14:20:48","modified_gmt":"2013-12-01T14:20:48","slug":"encore-et-toujours-noel","status":"publish","type":"post","link":"http:\/\/www.lacas.be\/?p=1160","title":{"rendered":"Encore et toujours No\u00ebl &#8230;"},"content":{"rendered":"<p>Bon, ben, j&rsquo;avoue &#8230; j&rsquo;aime beaucoup la p\u00e9riode de No\u00ebl, ses march\u00e9s, l&rsquo;ambiance, les lumi\u00e8res et l&rsquo;incontournable sapin (au naturel, normal pour des natifs de l&rsquo;Ardenne Belge) avec son odeur d&rsquo;\u00e9pic\u00e9a caract\u00e9ristique &#8230; Et pas question pour ma famille de d\u00e9roger \u00e0 cette tradition &#8230; dans leur esprit, c&rsquo;est impensable (et pour moi aussi &#8230; ) Je suis donc tr\u00e8s heureuse d&rsquo;avoir transmis \u00e0 ma filiation le sens de cette f\u00eate. Bref, cette ann\u00e9e, pour la premi\u00e8re fois, je vais me jeter \u00e0 l&rsquo;eau en participant modestement\u00a0 au march\u00e9 de No\u00ebl de mon village qui permet chaque ann\u00e9e d&rsquo;entretenir le b\u00e2timent accueillant les jeunes et diverses festivit\u00e9s.<\/p>\n<p>Voici ma production sur une id\u00e9e d\u00e9j\u00e0 exploit\u00e9e l&rsquo;an dernier :<\/p>\n<p><a href=\"http:\/\/www.lacas.be\/wp-content\/uploads\/2013\/12\/01-12-2013-014.jpg\"><img loading=\"lazy\" decoding=\"async\" class=\"alignnone size-medium wp-image-1163\" alt=\"01-12-2013 014\" src=\"http:\/\/www.lacas.be\/wp-content\/uploads\/2013\/12\/01-12-2013-014-300x200.jpg\" width=\"300\" height=\"200\" srcset=\"http:\/\/www.lacas.be\/wp-content\/uploads\/2013\/12\/01-12-2013-014-300x200.jpg 300w, http:\/\/www.lacas.be\/wp-content\/uploads\/2013\/12\/01-12-2013-014-1024x685.jpg 1024w\" sizes=\"auto, (max-width: 300px) 100vw, 300px\" \/><\/a> <a href=\"http:\/\/www.lacas.be\/wp-content\/uploads\/2013\/12\/01-12-2013-016.jpg\"><img loading=\"lazy\" decoding=\"async\" class=\"alignnone size-medium wp-image-1164\" alt=\"01-12-2013 016\" src=\"http:\/\/www.lacas.be\/wp-content\/uploads\/2013\/12\/01-12-2013-016-300x200.jpg\" width=\"300\" height=\"200\" srcset=\"http:\/\/www.lacas.be\/wp-content\/uploads\/2013\/12\/01-12-2013-016-300x200.jpg 300w, http:\/\/www.lacas.be\/wp-content\/uploads\/2013\/12\/01-12-2013-016-1024x685.jpg 1024w\" sizes=\"auto, (max-width: 300px) 100vw, 300px\" \/><\/a> <a href=\"http:\/\/www.lacas.be\/wp-content\/uploads\/2013\/12\/01-12-2013-017.jpg\"><img loading=\"lazy\" decoding=\"async\" class=\"alignnone size-medium wp-image-1165\" alt=\"01-12-2013 017\" src=\"http:\/\/www.lacas.be\/wp-content\/uploads\/2013\/12\/01-12-2013-017-300x200.jpg\" width=\"300\" height=\"200\" srcset=\"http:\/\/www.lacas.be\/wp-content\/uploads\/2013\/12\/01-12-2013-017-300x200.jpg 300w, http:\/\/www.lacas.be\/wp-content\/uploads\/2013\/12\/01-12-2013-017-1024x685.jpg 1024w\" sizes=\"auto, (max-width: 300px) 100vw, 300px\" \/><\/a> <a href=\"http:\/\/www.lacas.be\/wp-content\/uploads\/2013\/12\/01-12-2013-019.jpg\"><img loading=\"lazy\" decoding=\"async\" class=\"alignnone size-medium wp-image-1166\" alt=\"01-12-2013 019\" src=\"http:\/\/www.lacas.be\/wp-content\/uploads\/2013\/12\/01-12-2013-019-300x200.jpg\" width=\"300\" height=\"200\" srcset=\"http:\/\/www.lacas.be\/wp-content\/uploads\/2013\/12\/01-12-2013-019-300x200.jpg 300w, http:\/\/www.lacas.be\/wp-content\/uploads\/2013\/12\/01-12-2013-019-1024x685.jpg 1024w\" sizes=\"auto, (max-width: 300px) 100vw, 300px\" \/><\/a> <a href=\"http:\/\/www.lacas.be\/wp-content\/uploads\/2013\/12\/01-12-2013-023.jpg\"><img loading=\"lazy\" decoding=\"async\" class=\"alignnone size-medium wp-image-1167\" alt=\"01-12-2013 023\" src=\"http:\/\/www.lacas.be\/wp-content\/uploads\/2013\/12\/01-12-2013-023-300x200.jpg\" width=\"300\" height=\"200\" srcset=\"http:\/\/www.lacas.be\/wp-content\/uploads\/2013\/12\/01-12-2013-023-300x200.jpg 300w, http:\/\/www.lacas.be\/wp-content\/uploads\/2013\/12\/01-12-2013-023-1024x685.jpg 1024w\" sizes=\"auto, (max-width: 300px) 100vw, 300px\" \/><\/a> <a href=\"http:\/\/www.lacas.be\/wp-content\/uploads\/2013\/12\/01-12-2013-026.jpg\"><img loading=\"lazy\" decoding=\"async\" class=\"alignnone size-medium wp-image-1168\" alt=\"01-12-2013 026\" src=\"http:\/\/www.lacas.be\/wp-content\/uploads\/2013\/12\/01-12-2013-026-300x200.jpg\" width=\"300\" height=\"200\" srcset=\"http:\/\/www.lacas.be\/wp-content\/uploads\/2013\/12\/01-12-2013-026-300x200.jpg 300w, http:\/\/www.lacas.be\/wp-content\/uploads\/2013\/12\/01-12-2013-026-1024x685.jpg 1024w\" sizes=\"auto, (max-width: 300px) 100vw, 300px\" \/><\/a> <a href=\"http:\/\/www.lacas.be\/wp-content\/uploads\/2013\/12\/01-12-2013-029.jpg\"><img loading=\"lazy\" decoding=\"async\" class=\"alignnone size-large wp-image-1169\" alt=\"01-12-2013 029\" src=\"http:\/\/www.lacas.be\/wp-content\/uploads\/2013\/12\/01-12-2013-029-1024x685.jpg\" width=\"700\" height=\"468\" srcset=\"http:\/\/www.lacas.be\/wp-content\/uploads\/2013\/12\/01-12-2013-029-1024x685.jpg 1024w, http:\/\/www.lacas.be\/wp-content\/uploads\/2013\/12\/01-12-2013-029-300x200.jpg 300w\" sizes=\"auto, (max-width: 700px) 100vw, 700px\" \/><\/a><\/p>\n<p>De styles tr\u00e8s diff\u00e9rents, personnellement, ces cadres me plaisent tous &#8230; Ils m\u00ealent broderie, crochet, patapoch, peinture ( ici du gris su\u00e8de achet\u00e9 chez Do It \u00e0 Recogne-Libramont, d\u00e9positaire officiel d&rsquo;Eleonore Deco en Belgique) et tamponnage, le tout home made. J&rsquo;ai essay\u00e9 de soigner aussi l&rsquo;arri\u00e8re &#8230; Il me faut encore poncer quelques irr\u00e9gularit\u00e9s et passer du vitrificateur pour la bonne tenue de l&rsquo;ensemble, ce qui sera fait durant la semaine prochaine.<\/p>\n<p>Sur ce, je vous laisse non sans vous remercier de votre visite. Je m&rsquo;en vais broder au coin d&rsquo;une bonne flamb\u00e9e &#8230;.<\/p>\n","protected":false},"excerpt":{"rendered":"<p>Bon, ben, j&rsquo;avoue &#8230; j&rsquo;aime beaucoup la p\u00e9riode de No\u00ebl, ses march\u00e9s, l&rsquo;ambiance, les lumi\u00e8res et l&rsquo;incontournable sapin (au naturel, normal pour des natifs de l&rsquo;Ardenne Belge) avec son odeur d&rsquo;\u00e9pic\u00e9a caract\u00e9ristique &#8230; Et pas question pour ma famille de &hellip; <a href=\"http:\/\/www.lacas.be\/?p=1160\">Continuer la lecture <span class=\"meta-nav\">&rarr;<\/span><\/a><\/p>\n","protected":false},"author":1,"featured_media":0,"comment_status":"open","ping_status":"open","sticky":false,"template":"","format":"standard","meta":{"footnotes":""},"categories":[1],"tags":[11],"class_list":["post-1160","post","type-post","status-publish","format-standard","hentry","category-non-classe","tag-broderiepatapoch-cadre"],"_links":{"self":[{"href":"http:\/\/www.lacas.be\/index.php?rest_route=\/wp\/v2\/posts\/1160","targetHints":{"allow":["GET"]}}],"collection":[{"href":"http:\/\/www.lacas.be\/index.php?rest_route=\/wp\/v2\/posts"}],"about":[{"href":"http:\/\/www.lacas.be\/index.php?rest_route=\/wp\/v2\/types\/post"}],"author":[{"embeddable":true,"href":"http:\/\/www.lacas.be\/index.php?rest_route=\/wp\/v2\/users\/1"}],"replies":[{"embeddable":true,"href":"http:\/\/www.lacas.be\/index.php?rest_route=%2Fwp%2Fv2%2Fcomments&post=1160"}],"version-history":[{"count":7,"href":"http:\/\/www.lacas.be\/index.php?rest_route=\/wp\/v2\/posts\/1160\/revisions"}],"predecessor-version":[{"id":1177,"href":"http:\/\/www.lacas.be\/index.php?rest_route=\/wp\/v2\/posts\/1160\/revisions\/1177"}],"wp:attachment":[{"href":"http:\/\/www.lacas.be\/index.php?rest_route=%2Fwp%2Fv2%2Fmedia&parent=1160"}],"wp:term":[{"taxonomy":"category","embeddable":true,"href":"http:\/\/www.lacas.be\/index.php?rest_route=%2Fwp%2Fv2%2Fcategories&post=1160"},{"taxonomy":"post_tag","embeddable":true,"href":"http:\/\/www.lacas.be\/index.php?rest_route=%2Fwp%2Fv2%2Ftags&post=1160"}],"curies":[{"name":"wp","href":"https:\/\/api.w.org\/{rel}","templated":true}]}}