{"id":1150,"date":"2013-11-28T06:43:57","date_gmt":"2013-11-28T06:43:57","guid":{"rendered":"http:\/\/www.lacas.be\/?p=1150"},"modified":"2013-11-28T14:21:35","modified_gmt":"2013-11-28T14:21:35","slug":"cadres-homemade","status":"publish","type":"post","link":"http:\/\/www.lacas.be\/?p=1150","title":{"rendered":"Cadres et ambiance"},"content":{"rendered":"<p>Un petit aper\u00e7u de quelques cadres qui d\u00e9corent mon milieu de vie &#8230;. certains ont d\u00e9j\u00e0 \u00e9t\u00e9 publi\u00e9s sur ce blog, d&rsquo;autres sont nouveaux.<\/p>\n<p>Les cadres ovales en bois ont \u00e9t\u00e9\u00a0relook\u00e9s pour l&rsquo;occasion !<\/p>\n<p><a href=\"http:\/\/www.lacas.be\/wp-content\/uploads\/2013\/11\/24-11-2013-003.jpg\"><img loading=\"lazy\" decoding=\"async\" class=\"size-medium wp-image-1141 alignleft\" alt=\"24-11-2013 003\" src=\"http:\/\/www.lacas.be\/wp-content\/uploads\/2013\/11\/24-11-2013-003-200x300.jpg\" width=\"200\" height=\"300\" srcset=\"http:\/\/www.lacas.be\/wp-content\/uploads\/2013\/11\/24-11-2013-003-200x300.jpg 200w, http:\/\/www.lacas.be\/wp-content\/uploads\/2013\/11\/24-11-2013-003-685x1024.jpg 685w\" sizes=\"auto, (max-width: 200px) 100vw, 200px\" \/><\/a><\/p>\n<p><a href=\"http:\/\/www.lacas.be\/wp-content\/uploads\/2013\/11\/2013-11-27-008.jpg\"><img loading=\"lazy\" decoding=\"async\" class=\"size-medium wp-image-1154 alignnone\" alt=\"2013-11-27 008\" src=\"http:\/\/www.lacas.be\/wp-content\/uploads\/2013\/11\/2013-11-27-008-200x300.jpg\" width=\"200\" height=\"300\" srcset=\"http:\/\/www.lacas.be\/wp-content\/uploads\/2013\/11\/2013-11-27-008-200x300.jpg 200w, http:\/\/www.lacas.be\/wp-content\/uploads\/2013\/11\/2013-11-27-008-685x1024.jpg 685w\" sizes=\"auto, (max-width: 200px) 100vw, 200px\" \/><\/a><\/p>\n<p>Petit cadre orignal ci-dessous dont la photo a d\u00e9j\u00e0 \u00e9t\u00e9 post\u00e9e il y a un certain temps sur ce blog. Cr\u00e9ation d&rsquo;apr\u00e8s\u00a0une id\u00e9e du net (dont je n&rsquo;ai pas gard\u00e9 la r\u00e9f\u00e9rence !).<\/p>\n<p><a href=\"http:\/\/www.lacas.be\/wp-content\/uploads\/2012\/12\/DSC_0195.jpg\"><img loading=\"lazy\" decoding=\"async\" class=\"size-medium wp-image-281 aligncenter\" alt=\"DSC_0195\" src=\"http:\/\/www.lacas.be\/wp-content\/uploads\/2012\/12\/DSC_0195-257x300.jpg\" width=\"257\" height=\"300\" srcset=\"http:\/\/www.lacas.be\/wp-content\/uploads\/2012\/12\/DSC_0195-257x300.jpg 257w, http:\/\/www.lacas.be\/wp-content\/uploads\/2012\/12\/DSC_0195-879x1024.jpg 879w\" sizes=\"auto, (max-width: 257px) 100vw, 257px\" \/><\/a><\/p>\n<p>Et pour entrer tout doucement dans l&rsquo;ambiance de No\u00ebl, une bougie et son petit coeur en perles fait maison.<\/p>\n<p><a href=\"http:\/\/www.lacas.be\/wp-content\/uploads\/2013\/11\/24-11-2013-012.jpg\"><img loading=\"lazy\" decoding=\"async\" class=\"size-medium wp-image-1138 aligncenter\" alt=\"24-11-2013 012\" src=\"http:\/\/www.lacas.be\/wp-content\/uploads\/2013\/11\/24-11-2013-012-200x300.jpg\" width=\"200\" height=\"300\" srcset=\"http:\/\/www.lacas.be\/wp-content\/uploads\/2013\/11\/24-11-2013-012-200x300.jpg 200w, http:\/\/www.lacas.be\/wp-content\/uploads\/2013\/11\/24-11-2013-012-685x1024.jpg 685w\" sizes=\"auto, (max-width: 200px) 100vw, 200px\" \/><\/a><\/p>\n<p>Merci pour votre visite.<\/p>\n<p>&nbsp;<\/p>\n","protected":false},"excerpt":{"rendered":"<p>Un petit aper\u00e7u de quelques cadres qui d\u00e9corent mon milieu de vie &#8230;. certains ont d\u00e9j\u00e0 \u00e9t\u00e9 publi\u00e9s sur ce blog, d&rsquo;autres sont nouveaux. Les cadres ovales en bois ont \u00e9t\u00e9\u00a0relook\u00e9s pour l&rsquo;occasion ! Petit cadre orignal ci-dessous dont la &hellip; <a href=\"http:\/\/www.lacas.be\/?p=1150\">Continuer la lecture <span class=\"meta-nav\">&rarr;<\/span><\/a><\/p>\n","protected":false},"author":1,"featured_media":0,"comment_status":"open","ping_status":"open","sticky":false,"template":"","format":"standard","meta":{"footnotes":""},"categories":[1],"tags":[],"class_list":["post-1150","post","type-post","status-publish","format-standard","hentry","category-non-classe"],"_links":{"self":[{"href":"http:\/\/www.lacas.be\/index.php?rest_route=\/wp\/v2\/posts\/1150","targetHints":{"allow":["GET"]}}],"collection":[{"href":"http:\/\/www.lacas.be\/index.php?rest_route=\/wp\/v2\/posts"}],"about":[{"href":"http:\/\/www.lacas.be\/index.php?rest_route=\/wp\/v2\/types\/post"}],"author":[{"embeddable":true,"href":"http:\/\/www.lacas.be\/index.php?rest_route=\/wp\/v2\/users\/1"}],"replies":[{"embeddable":true,"href":"http:\/\/www.lacas.be\/index.php?rest_route=%2Fwp%2Fv2%2Fcomments&post=1150"}],"version-history":[{"count":5,"href":"http:\/\/www.lacas.be\/index.php?rest_route=\/wp\/v2\/posts\/1150\/revisions"}],"predecessor-version":[{"id":1159,"href":"http:\/\/www.lacas.be\/index.php?rest_route=\/wp\/v2\/posts\/1150\/revisions\/1159"}],"wp:attachment":[{"href":"http:\/\/www.lacas.be\/index.php?rest_route=%2Fwp%2Fv2%2Fmedia&parent=1150"}],"wp:term":[{"taxonomy":"category","embeddable":true,"href":"http:\/\/www.lacas.be\/index.php?rest_route=%2Fwp%2Fv2%2Fcategories&post=1150"},{"taxonomy":"post_tag","embeddable":true,"href":"http:\/\/www.lacas.be\/index.php?rest_route=%2Fwp%2Fv2%2Ftags&post=1150"}],"curies":[{"name":"wp","href":"https:\/\/api.w.org\/{rel}","templated":true}]}}