{"id":1119,"date":"2013-11-21T17:18:42","date_gmt":"2013-11-21T17:18:42","guid":{"rendered":"http:\/\/www.lacas.be\/?p=1119"},"modified":"2013-11-21T15:20:43","modified_gmt":"2013-11-21T15:20:43","slug":"premieres-neiges","status":"publish","type":"post","link":"http:\/\/www.lacas.be\/?p=1119","title":{"rendered":"Premi\u00e8res neiges"},"content":{"rendered":"<p><span style=\"color: #003366;\">Tout comme le Beaujolais nouveau version 2014, la neige a fait\u00a0son apparition aujourd&rsquo;hui et en abondance sur l&rsquo;Ardenne, ce qui est relativement peu courant\u00a0un 21 novembre\u00a0! L&rsquo;hiver s&rsquo;installe d\u00e9j\u00e0 !\u00a0 A nous le d\u00e9blaiement matinal, les \u00ab\u00a0grattages\u00a0\u00bb de pare brise, les routes enneig\u00e9es mais aussi la beaut\u00e9 de la poudreuse qui tranforme les paysages, les flocons qui virevoltent et mettent de la vie dans l&rsquo;atmosph\u00e8re, les sapins qui courbent l&rsquo;\u00e9chine sous le poids de la neige, le tapis immacul\u00e9 dans les\u00a0champs et prairies\u00a0&#8230;.<\/span><\/p>\n<p><span style=\"color: #003366;\">Mais tr\u00eave de po\u00e9sie, voici des photos prises t\u00f4t ce matin par ma maman pour immortaliser cet \u00e9v\u00e9nement et je ne r\u00e9siste pas non plus &#8211; une fois n&rsquo;est pas coutume &#8211; \u00e0 poster une photo de mon papa qui a d\u00e9blay\u00e9 la neige ce matin, il vient d&rsquo;avoir 87 ans et est encore \u00ab\u00a0bon pied, bon oeil\u00a0\u00bb !<\/span><\/p>\n<p><a href=\"http:\/\/www.lacas.be\/wp-content\/uploads\/2013\/11\/003.jpg\"><img loading=\"lazy\" decoding=\"async\" class=\"alignnone size-medium wp-image-1120\" alt=\"003\" src=\"http:\/\/www.lacas.be\/wp-content\/uploads\/2013\/11\/003-224x300.jpg\" width=\"224\" height=\"300\" srcset=\"http:\/\/www.lacas.be\/wp-content\/uploads\/2013\/11\/003-224x300.jpg 224w, http:\/\/www.lacas.be\/wp-content\/uploads\/2013\/11\/003-767x1024.jpg 767w\" sizes=\"auto, (max-width: 224px) 100vw, 224px\" \/><\/a>\u00a0<a href=\"http:\/\/www.lacas.be\/wp-content\/uploads\/2013\/11\/1i\u00e8re-neige-20-11-2013-003-e1385026516150.jpg\"><img loading=\"lazy\" decoding=\"async\" class=\"alignnone size-medium wp-image-1121\" alt=\"1i\u00e8re neige  20 -11-2013 003\" src=\"http:\/\/www.lacas.be\/wp-content\/uploads\/2013\/11\/1i\u00e8re-neige-20-11-2013-003-e1385026516150-224x300.jpg\" width=\"224\" height=\"300\" srcset=\"http:\/\/www.lacas.be\/wp-content\/uploads\/2013\/11\/1i\u00e8re-neige-20-11-2013-003-e1385026516150-224x300.jpg 224w, http:\/\/www.lacas.be\/wp-content\/uploads\/2013\/11\/1i\u00e8re-neige-20-11-2013-003-e1385026516150-767x1024.jpg 767w\" sizes=\"auto, (max-width: 224px) 100vw, 224px\" \/><\/a><\/p>\n<p><a href=\"http:\/\/www.lacas.be\/wp-content\/uploads\/2013\/11\/1i\u00e8re-neige-20-11-2013-001.jpg\"><img loading=\"lazy\" decoding=\"async\" class=\"alignnone size-medium wp-image-1124\" alt=\"1i\u00e8re neige  20 -11-2013 001\" src=\"http:\/\/www.lacas.be\/wp-content\/uploads\/2013\/11\/1i\u00e8re-neige-20-11-2013-001-300x224.jpg\" width=\"454\" height=\"229\" \/><\/a><\/p>\n<p>A bient\u00f4t.<\/p>\n","protected":false},"excerpt":{"rendered":"<p>Tout comme le Beaujolais nouveau version 2014, la neige a fait\u00a0son apparition aujourd&rsquo;hui et en abondance sur l&rsquo;Ardenne, ce qui est relativement peu courant\u00a0un 21 novembre\u00a0! L&rsquo;hiver s&rsquo;installe d\u00e9j\u00e0 !\u00a0 A nous le d\u00e9blaiement matinal, les \u00ab\u00a0grattages\u00a0\u00bb de pare brise, &hellip; <a href=\"http:\/\/www.lacas.be\/?p=1119\">Continuer la lecture <span class=\"meta-nav\">&rarr;<\/span><\/a><\/p>\n","protected":false},"author":1,"featured_media":0,"comment_status":"open","ping_status":"open","sticky":false,"template":"","format":"standard","meta":{"footnotes":""},"categories":[3],"tags":[8],"class_list":["post-1119","post","type-post","status-publish","format-standard","hentry","category-decouvertes","tag-neige-paysage"],"_links":{"self":[{"href":"http:\/\/www.lacas.be\/index.php?rest_route=\/wp\/v2\/posts\/1119","targetHints":{"allow":["GET"]}}],"collection":[{"href":"http:\/\/www.lacas.be\/index.php?rest_route=\/wp\/v2\/posts"}],"about":[{"href":"http:\/\/www.lacas.be\/index.php?rest_route=\/wp\/v2\/types\/post"}],"author":[{"embeddable":true,"href":"http:\/\/www.lacas.be\/index.php?rest_route=\/wp\/v2\/users\/1"}],"replies":[{"embeddable":true,"href":"http:\/\/www.lacas.be\/index.php?rest_route=%2Fwp%2Fv2%2Fcomments&post=1119"}],"version-history":[{"count":8,"href":"http:\/\/www.lacas.be\/index.php?rest_route=\/wp\/v2\/posts\/1119\/revisions"}],"predecessor-version":[{"id":1131,"href":"http:\/\/www.lacas.be\/index.php?rest_route=\/wp\/v2\/posts\/1119\/revisions\/1131"}],"wp:attachment":[{"href":"http:\/\/www.lacas.be\/index.php?rest_route=%2Fwp%2Fv2%2Fmedia&parent=1119"}],"wp:term":[{"taxonomy":"category","embeddable":true,"href":"http:\/\/www.lacas.be\/index.php?rest_route=%2Fwp%2Fv2%2Fcategories&post=1119"},{"taxonomy":"post_tag","embeddable":true,"href":"http:\/\/www.lacas.be\/index.php?rest_route=%2Fwp%2Fv2%2Ftags&post=1119"}],"curies":[{"name":"wp","href":"https:\/\/api.w.org\/{rel}","templated":true}]}}