{"id":1040,"date":"2013-11-03T11:06:39","date_gmt":"2013-11-03T11:06:39","guid":{"rendered":"http:\/\/www.lacas.be\/?p=1040"},"modified":"2013-11-05T20:26:15","modified_gmt":"2013-11-05T20:26:15","slug":"mon-petit-marche-de-noel","status":"publish","type":"post","link":"http:\/\/www.lacas.be\/?p=1040","title":{"rendered":"Mon petit march\u00e9 de No\u00ebl"},"content":{"rendered":"<p>Bonjour \u00e0 tous et toutes<br \/>\nComme pr\u00e9vu et annonc\u00e9, mes neurones se sont activ\u00e9s durant ce WE prolong\u00e9 de Toussaint, peut-\u00eatre pas tout ce \u00e0 quoi j&rsquo;avais pens\u00e9 (activit\u00e9s familiales diverses obligent), mais c&rsquo;est mieux que rien &#8230; d&rsquo;autant plus que un de mes proches a import\u00e9 ses microbes \u00e0 la maison, auxquels j&rsquo;ai succomb\u00e9&#8230;.<\/p>\n<p>No\u00ebl approche \u00e0 grands pas (enfin, tout est relatif ..), j&rsquo;ai donc eu l&rsquo;envie de me pencher sur les bricolages idoines, le temps s&rsquo;y pr\u00eatant (vent, grisaille, pluie continue, froidure &#8230;)<\/p>\n<p>Voici donc le r\u00e9sultat en images de mes cogitations et intense activit\u00e9 pour No\u00ebl 2013 :<\/p>\n<p><a href=\"http:\/\/www.lacas.be\/wp-content\/uploads\/2013\/11\/02-11-2013-028.jpg\"><img loading=\"lazy\" decoding=\"async\" class=\"alignnone size-large wp-image-1051\" alt=\"02-11-2013 028\" src=\"http:\/\/www.lacas.be\/wp-content\/uploads\/2013\/11\/02-11-2013-028-1024x685.jpg\" width=\"640\" height=\"428\" srcset=\"http:\/\/www.lacas.be\/wp-content\/uploads\/2013\/11\/02-11-2013-028-1024x685.jpg 1024w, http:\/\/www.lacas.be\/wp-content\/uploads\/2013\/11\/02-11-2013-028-300x200.jpg 300w\" sizes=\"auto, (max-width: 640px) 100vw, 640px\" \/><\/a><a href=\"http:\/\/www.lacas.be\/wp-content\/uploads\/2013\/11\/02-11-2013-016.jpg\"><img loading=\"lazy\" decoding=\"async\" class=\"alignnone size-large wp-image-1045\" alt=\"02-11-2013 016\" src=\"http:\/\/www.lacas.be\/wp-content\/uploads\/2013\/11\/02-11-2013-016-1024x685.jpg\" width=\"640\" height=\"428\" srcset=\"http:\/\/www.lacas.be\/wp-content\/uploads\/2013\/11\/02-11-2013-016-1024x685.jpg 1024w, http:\/\/www.lacas.be\/wp-content\/uploads\/2013\/11\/02-11-2013-016-300x200.jpg 300w\" sizes=\"auto, (max-width: 640px) 100vw, 640px\" \/><\/a><\/p>\n<p>Des portes clefs et des chaussettes de No\u00ebl, les deux petites ne sont pas ferm\u00e9es sur le dessus pour permettre d&rsquo;y glisser quelques cadeaux ou g\u00e2teries culinaires &#8230; Allez, j&rsquo;avoue, les appliqu\u00e9s sont achet\u00e9s \u00ab\u00a0tout faits\u00a0\u00bb, vu le prix peu on\u00e9reux de ces accessoires, je ne me suis pas amus\u00e9e \u00e0 acheter de la feutrine rouge (qui aurait sans doute co\u00fbt\u00e9 aussi cher &#8230;) et \u00e0 tenter d&rsquo;essayer de d\u00e9couper \u00e9toiles et autres motifs &#8230; Ben oui, pas assez dou\u00e9e pour \u00e7a&#8230;<\/p>\n<p><a href=\"http:\/\/www.lacas.be\/wp-content\/uploads\/2013\/11\/02-11-2013-026.jpg\"><img loading=\"lazy\" decoding=\"async\" class=\"alignnone size-large wp-image-1050\" alt=\"02-11-2013 026\" src=\"http:\/\/www.lacas.be\/wp-content\/uploads\/2013\/11\/02-11-2013-026-1024x685.jpg\" width=\"640\" height=\"428\" srcset=\"http:\/\/www.lacas.be\/wp-content\/uploads\/2013\/11\/02-11-2013-026-1024x685.jpg 1024w, http:\/\/www.lacas.be\/wp-content\/uploads\/2013\/11\/02-11-2013-026-300x200.jpg 300w\" sizes=\"auto, (max-width: 640px) 100vw, 640px\" \/><\/a><\/p>\n<p>Outre ces bricoles, je me suis lanc\u00e9e dans la confection de deux cartes postales originales sur une id\u00e9e du blog http:\/\/avec10doigts.eklablog.com, une vraie mine d&rsquo;inspirations &#8230;. \u00e0 visiter absoluuu\u00fbment &#8230;. A vous de juger &#8230;<\/p>\n<p><a href=\"http:\/\/www.lacas.be\/wp-content\/uploads\/2013\/11\/02-11-2013-020.jpg\"><img loading=\"lazy\" decoding=\"async\" class=\"alignnone size-medium wp-image-1047\" alt=\"02-11-2013 020\" src=\"http:\/\/www.lacas.be\/wp-content\/uploads\/2013\/11\/02-11-2013-020-300x200.jpg\" width=\"300\" height=\"200\" srcset=\"http:\/\/www.lacas.be\/wp-content\/uploads\/2013\/11\/02-11-2013-020-300x200.jpg 300w, http:\/\/www.lacas.be\/wp-content\/uploads\/2013\/11\/02-11-2013-020-1024x685.jpg 1024w\" sizes=\"auto, (max-width: 300px) 100vw, 300px\" \/><\/a><a href=\"http:\/\/www.lacas.be\/wp-content\/uploads\/2013\/11\/02-11-2013-018.jpg\"><img loading=\"lazy\" decoding=\"async\" class=\"alignnone size-medium wp-image-1046\" alt=\"02-11-2013 018\" src=\"http:\/\/www.lacas.be\/wp-content\/uploads\/2013\/11\/02-11-2013-018-300x200.jpg\" width=\"300\" height=\"200\" srcset=\"http:\/\/www.lacas.be\/wp-content\/uploads\/2013\/11\/02-11-2013-018-300x200.jpg 300w, http:\/\/www.lacas.be\/wp-content\/uploads\/2013\/11\/02-11-2013-018-1024x685.jpg 1024w\" sizes=\"auto, (max-width: 300px) 100vw, 300px\" \/><\/a><\/p>\n<p>Et voici l&rsquo;arri\u00e8re d&rsquo;une de ces cartes dans laquelle j&rsquo;ai gliss\u00e9 de quoi \u00e9crire un petit mot (facile dans une poche de jeans &#8230;), j&rsquo;ai laiss\u00e9 parler mon imagination mais surtout \u00e7a aide\u00a0 pour camoufler quelques d\u00e9fauts au montage &#8230;..\u00a0 mon papa reconna\u00eetra le papier du cadeau de son anniversaire que je lui ai repris sans vergogne (le papier, pas le cadeau &#8230; ) :<\/p>\n<p><a href=\"http:\/\/www.lacas.be\/wp-content\/uploads\/2013\/11\/02-11-2013-021.jpg\"><img loading=\"lazy\" decoding=\"async\" class=\"alignnone size-large wp-image-1048\" alt=\"02-11-2013 021\" src=\"http:\/\/www.lacas.be\/wp-content\/uploads\/2013\/11\/02-11-2013-021-1024x685.jpg\" width=\"640\" height=\"428\" srcset=\"http:\/\/www.lacas.be\/wp-content\/uploads\/2013\/11\/02-11-2013-021-1024x685.jpg 1024w, http:\/\/www.lacas.be\/wp-content\/uploads\/2013\/11\/02-11-2013-021-300x200.jpg 300w\" sizes=\"auto, (max-width: 640px) 100vw, 640px\" \/><\/a><\/p>\n<p>Et voil\u00e0, c&rsquo;est \u00ab\u00a0tout\u00a0\u00bb pour le moment&#8230;.<\/p>\n<p>Passez un bon dimanche.<\/p>\n<p>&nbsp;<\/p>\n<p>&nbsp;<\/p>\n","protected":false},"excerpt":{"rendered":"<p>Bonjour \u00e0 tous et toutes Comme pr\u00e9vu et annonc\u00e9, mes neurones se sont activ\u00e9s durant ce WE prolong\u00e9 de Toussaint, peut-\u00eatre pas tout ce \u00e0 quoi j&rsquo;avais pens\u00e9 (activit\u00e9s familiales diverses obligent), mais c&rsquo;est mieux que rien &#8230; d&rsquo;autant plus &hellip; <a href=\"http:\/\/www.lacas.be\/?p=1040\">Continuer la lecture <span class=\"meta-nav\">&rarr;<\/span><\/a><\/p>\n","protected":false},"author":1,"featured_media":0,"comment_status":"open","ping_status":"open","sticky":false,"template":"","format":"standard","meta":{"footnotes":""},"categories":[1],"tags":[],"class_list":["post-1040","post","type-post","status-publish","format-standard","hentry","category-non-classe"],"_links":{"self":[{"href":"http:\/\/www.lacas.be\/index.php?rest_route=\/wp\/v2\/posts\/1040","targetHints":{"allow":["GET"]}}],"collection":[{"href":"http:\/\/www.lacas.be\/index.php?rest_route=\/wp\/v2\/posts"}],"about":[{"href":"http:\/\/www.lacas.be\/index.php?rest_route=\/wp\/v2\/types\/post"}],"author":[{"embeddable":true,"href":"http:\/\/www.lacas.be\/index.php?rest_route=\/wp\/v2\/users\/1"}],"replies":[{"embeddable":true,"href":"http:\/\/www.lacas.be\/index.php?rest_route=%2Fwp%2Fv2%2Fcomments&post=1040"}],"version-history":[{"count":9,"href":"http:\/\/www.lacas.be\/index.php?rest_route=\/wp\/v2\/posts\/1040\/revisions"}],"predecessor-version":[{"id":1063,"href":"http:\/\/www.lacas.be\/index.php?rest_route=\/wp\/v2\/posts\/1040\/revisions\/1063"}],"wp:attachment":[{"href":"http:\/\/www.lacas.be\/index.php?rest_route=%2Fwp%2Fv2%2Fmedia&parent=1040"}],"wp:term":[{"taxonomy":"category","embeddable":true,"href":"http:\/\/www.lacas.be\/index.php?rest_route=%2Fwp%2Fv2%2Fcategories&post=1040"},{"taxonomy":"post_tag","embeddable":true,"href":"http:\/\/www.lacas.be\/index.php?rest_route=%2Fwp%2Fv2%2Ftags&post=1040"}],"curies":[{"name":"wp","href":"https:\/\/api.w.org\/{rel}","templated":true}]}}