{"id":104,"date":"2012-07-26T19:56:42","date_gmt":"2012-07-26T19:56:42","guid":{"rendered":"http:\/\/www.lacas.be\/?p=104"},"modified":"2012-07-30T11:17:44","modified_gmt":"2012-07-30T11:17:44","slug":"lyon","status":"publish","type":"post","link":"http:\/\/www.lacas.be\/?p=104","title":{"rendered":"Lyon"},"content":{"rendered":"<p><a href=\"http:\/\/www.lacas.be\/wp-content\/uploads\/2012\/07\/100.jpg\"><img loading=\"lazy\" decoding=\"async\" class=\"alignleft size-medium wp-image-106\" title=\"100\" src=\"http:\/\/www.lacas.be\/wp-content\/uploads\/2012\/07\/100-200x300.jpg\" alt=\"\" width=\"200\" height=\"300\" srcset=\"http:\/\/www.lacas.be\/wp-content\/uploads\/2012\/07\/100-200x300.jpg 200w, http:\/\/www.lacas.be\/wp-content\/uploads\/2012\/07\/100-685x1024.jpg 685w\" sizes=\"auto, (max-width: 200px) 100vw, 200px\" \/><\/a>D\u00e9but juillet, nous avons eu l&rsquo;occasion de nous rendre \u00e0 Lyon, terre d&rsquo;accueil d&rsquo;un exil\u00e9 volontaire cher \u00e0 nos coeurs &#8230;. le soleil et la chaleur \u00e9taient au rendez-vous, dur, dur de regagner notre Belgique natale aux tons gris de cet \u00e9t\u00e9 &#8230;.<\/p>\n<p>La verdure et les all\u00e9es d&rsquo;arbres bordant les grandes avenues me surprendront toujours dans cette ville\u00a0. Ci-dessous deux vues g\u00e9n\u00e9rales du haut de Notre Dame de Fourvi\u00e8re, un classique \u00e0 visiter :<\/p>\n<p>&nbsp;<\/p>\n<p><a href=\"http:\/\/www.lacas.be\/wp-content\/uploads\/2012\/07\/187.jpg\"><img loading=\"lazy\" decoding=\"async\" class=\"aligncenter size-large wp-image-113\" title=\"187\" src=\"http:\/\/www.lacas.be\/wp-content\/uploads\/2012\/07\/187-1024x685.jpg\" alt=\"\" width=\"640\" height=\"428\" srcset=\"http:\/\/www.lacas.be\/wp-content\/uploads\/2012\/07\/187-1024x685.jpg 1024w, http:\/\/www.lacas.be\/wp-content\/uploads\/2012\/07\/187-300x200.jpg 300w\" sizes=\"auto, (max-width: 640px) 100vw, 640px\" \/><\/a>La tour en forme de crayon qui domine le paysage est la Tour Part Dieu, proche d&rsquo;un des\u00a0plus grands centres commerciaux de\u00a0France\u00a0et de la gare principale de la ville.<\/p>\n<p style=\"text-align: center;\"><a href=\"http:\/\/www.lacas.be\/wp-content\/uploads\/2012\/07\/180.jpg\"><img loading=\"lazy\" decoding=\"async\" class=\"aligncenter  wp-image-108\" title=\"180\" src=\"http:\/\/www.lacas.be\/wp-content\/uploads\/2012\/07\/180-685x1024.jpg\" alt=\"\" width=\"384\" height=\"496\" \/><\/a><\/p>\n<p><a href=\"http:\/\/www.lacas.be\/wp-content\/uploads\/2012\/07\/088.jpg\"><img decoding=\"async\" class=\"alignleft size-thumbnail wp-image-111\" title=\"088\" src=\"&quot;http:\/\/www.lacas.be\/wp-content\/uploads\/201&lt;\/p\" alt=\"\" \/> <\/a>Quelques autres images de cette belle ville m\u00e9connue o\u00f9 nous retournerons certainement, ne fut-ce que, outre pour des raisons plus personnelles, pour visiter de mani\u00e8re plus approfondie les traboules &#8230;<\/p>\n<p><a href=\"http:\/\/www.lacas.be\/wp-content\/uploads\/2012\/07\/078.jpg\"><img loading=\"lazy\" decoding=\"async\" class=\"aligncenter size-large wp-image-129\" title=\"078\" src=\"http:\/\/www.lacas.be\/wp-content\/uploads\/2012\/07\/078-1024x685.jpg\" alt=\"\" width=\"640\" height=\"428\" srcset=\"http:\/\/www.lacas.be\/wp-content\/uploads\/2012\/07\/078-1024x685.jpg 1024w, http:\/\/www.lacas.be\/wp-content\/uploads\/2012\/07\/078-300x200.jpg 300w\" sizes=\"auto, (max-width: 640px) 100vw, 640px\" \/><\/a><\/p>\n<p>cette photo ci-dessus en clin d&rsquo;oeil \u00e0 ceux qui nous connaissent &#8230;.<\/p>\n<p><a href=\"http:\/\/www.lacas.be\/wp-content\/uploads\/2012\/07\/073.jpg\"><img loading=\"lazy\" decoding=\"async\" class=\"alignleft size-large wp-image-107\" title=\"073\" src=\"http:\/\/www.lacas.be\/wp-content\/uploads\/2012\/07\/073-1024x685.jpg\" alt=\"\" width=\"640\" height=\"428\" srcset=\"http:\/\/www.lacas.be\/wp-content\/uploads\/2012\/07\/073-1024x685.jpg 1024w, http:\/\/www.lacas.be\/wp-content\/uploads\/2012\/07\/073-300x200.jpg 300w\" sizes=\"auto, (max-width: 640px) 100vw, 640px\" \/><\/a><\/p>\n<p><a href=\"http:\/\/www.lacas.be\/wp-content\/uploads\/2012\/07\/113.jpg\"><img loading=\"lazy\" decoding=\"async\" class=\"alignleft size-medium wp-image-128\" title=\"113\" src=\"http:\/\/www.lacas.be\/wp-content\/uploads\/2012\/07\/113-300x200.jpg\" alt=\"\" width=\"300\" height=\"200\" srcset=\"http:\/\/www.lacas.be\/wp-content\/uploads\/2012\/07\/113-300x200.jpg 300w, http:\/\/www.lacas.be\/wp-content\/uploads\/2012\/07\/113-1024x685.jpg 1024w\" sizes=\"auto, (max-width: 300px) 100vw, 300px\" \/><\/a>la Cath\u00e9drale Saint Jean Baptiste au coeur du vieux Lyon et son horloge astronomique qui indique sur ses divers cadrans la date, les positions de la lune, du soleil et de la Terre, ainsi que le lever des \u00e9toiles au-dessus de Lyon.<\/p>\n<p>&nbsp;<\/p>\n<p><a href=\"http:\/\/www.lacas.be\/wp-content\/uploads\/2012\/07\/088.jpg\"><img loading=\"lazy\" decoding=\"async\" class=\"alignleft size-large wp-image-111\" title=\"088\" src=\"http:\/\/www.lacas.be\/wp-content\/uploads\/2012\/07\/088-685x1024.jpg\" alt=\"\" width=\"640\" height=\"956\" srcset=\"http:\/\/www.lacas.be\/wp-content\/uploads\/2012\/07\/088-685x1024.jpg 685w, http:\/\/www.lacas.be\/wp-content\/uploads\/2012\/07\/088-200x300.jpg 200w\" sizes=\"auto, (max-width: 640px) 100vw, 640px\" \/><\/a><\/p>\n<p>&nbsp;<\/p>\n<p>&nbsp;<\/p>\n","protected":false},"excerpt":{"rendered":"<p>D\u00e9but juillet, nous avons eu l&rsquo;occasion de nous rendre \u00e0 Lyon, terre d&rsquo;accueil d&rsquo;un exil\u00e9 volontaire cher \u00e0 nos coeurs &#8230;. le soleil et la chaleur \u00e9taient au rendez-vous, dur, dur de regagner notre Belgique natale aux tons gris de &hellip; <a href=\"http:\/\/www.lacas.be\/?p=104\">Continuer la lecture <span class=\"meta-nav\">&rarr;<\/span><\/a><\/p>\n","protected":false},"author":1,"featured_media":105,"comment_status":"closed","ping_status":"closed","sticky":false,"template":"","format":"standard","meta":{"footnotes":""},"categories":[3],"tags":[],"class_list":["post-104","post","type-post","status-publish","format-standard","has-post-thumbnail","hentry","category-decouvertes"],"_links":{"self":[{"href":"http:\/\/www.lacas.be\/index.php?rest_route=\/wp\/v2\/posts\/104","targetHints":{"allow":["GET"]}}],"collection":[{"href":"http:\/\/www.lacas.be\/index.php?rest_route=\/wp\/v2\/posts"}],"about":[{"href":"http:\/\/www.lacas.be\/index.php?rest_route=\/wp\/v2\/types\/post"}],"author":[{"embeddable":true,"href":"http:\/\/www.lacas.be\/index.php?rest_route=\/wp\/v2\/users\/1"}],"replies":[{"embeddable":true,"href":"http:\/\/www.lacas.be\/index.php?rest_route=%2Fwp%2Fv2%2Fcomments&post=104"}],"version-history":[{"count":30,"href":"http:\/\/www.lacas.be\/index.php?rest_route=\/wp\/v2\/posts\/104\/revisions"}],"predecessor-version":[{"id":152,"href":"http:\/\/www.lacas.be\/index.php?rest_route=\/wp\/v2\/posts\/104\/revisions\/152"}],"wp:featuredmedia":[{"embeddable":true,"href":"http:\/\/www.lacas.be\/index.php?rest_route=\/wp\/v2\/media\/105"}],"wp:attachment":[{"href":"http:\/\/www.lacas.be\/index.php?rest_route=%2Fwp%2Fv2%2Fmedia&parent=104"}],"wp:term":[{"taxonomy":"category","embeddable":true,"href":"http:\/\/www.lacas.be\/index.php?rest_route=%2Fwp%2Fv2%2Fcategories&post=104"},{"taxonomy":"post_tag","embeddable":true,"href":"http:\/\/www.lacas.be\/index.php?rest_route=%2Fwp%2Fv2%2Ftags&post=104"}],"curies":[{"name":"wp","href":"https:\/\/api.w.org\/{rel}","templated":true}]}}